{"id":92831,"date":"2018-02-28T19:35:34","date_gmt":"2018-02-28T22:35:34","guid":{"rendered":"http:\/\/diarioregionaljf.com.br\/2018\/02\/28\/acidente-deixa-dois-mortos-e-quatro-feridos-na-br-356\/"},"modified":"2018-02-28T19:35:34","modified_gmt":"2018-02-28T22:35:34","slug":"acidente-deixa-dois-mortos-e-quatro-feridos-na-br-356","status":"publish","type":"post","link":"https:\/\/diarioregionaldigital.com.br\/?p=92831","title":{"rendered":"Acidente deixa dois mortos e quatro feridos na BR-356"},"content":{"rendered":"<p>Duas pessoas morreram e outras quatro ficaram feridas em um acidente envolvendo dois carros e uma picape, na manh\u00e3 desta quarta-feira, 28, na BR-356, pr\u00f3ximo \u00e0 comunidade Santo Cristo, no trecho entre Muria\u00e9 (a cerca de 158Km de JF) e o distrito de Vermelho. Entre os mortos est\u00e1 a ex-vereadora e ex-presidente da C\u00e2mara Municipal de Ros\u00e1rio da Limeira, Maria Aparecida Ribeiro Pedrosa, conhecida como Aparecida da Josina.<\/p>\n<p>De acordo com as informa\u00e7\u00f5es repassadas pelo sargento Rangel, da Pol\u00edcia Militar, uma picape e um t\u00e1xi (ambos com placas de Ros\u00e1rio da Limeira) bateram de frente, e o acidente ainda envolveu um terceiro carro &#8211; placas de Vi\u00e7osa -, que apresentou danos na dianteira esquerda.<\/p>\n<p>Conforme apurado no local, a ex-vereadora seguia no t\u00e1xi, acompanhada pelo esposo, um filho e o condutor do ve\u00edculo. Dois ocupantes ficaram presas \u00e0s ferragens e foram retirados pelo Corpo de Bombeiros. Outras duas pessoas estavam na picape e uma no terceiro carro envolvido.<\/p>\n<p>Al\u00e9m de Maria Aparecida Pedrosa, cujo corpo foi encontrado fora do ve\u00edculo, o acidente tirou a vida do motorista da picape, de 38 anos.<\/p>\n<p>Os feridos &#8211; um ocupante da picape e tr\u00eas do t\u00e1xi &#8211; tiveram les\u00f5es consideradas graves e foram socorridos pelos bombeiros e SAMU, sendo levados para o Hospital S\u00e3o Paulo (HSP).<\/p>\n<p>O condutor do carro com placas de Vi\u00e7osa escapou sem ferimentos. Ele relatou \u00e0 reportagem que seguia atr\u00e1s do t\u00e1xi, em dire\u00e7\u00e3o a Muria\u00e9, quando a picape, que seguia no sentido contr\u00e1rio, invadiu a contram\u00e3o e bateu de frente com o t\u00e1xi. O motorista disse que n\u00e3o houve tempo de frear e que, segundos ap\u00f3s a batida, passou com seu carro entre os outros dois, atingindo um deles, n\u00e3o sabendo precisar qual.<\/p>\n<p>O homem afirmou ainda que a picape n\u00e3o fazia ultrapassagem no momento do acidente e que n\u00e3o sabe dizer o que causou a perda de dire\u00e7\u00e3o por parte de seu condutor.<\/p>\n<p>A Pol\u00edcia Militar (PM) deu apoio ao trabalho de resgate das v\u00edtimas e controlou o tr\u00e2nsito. A per\u00edcia da Pol\u00edcia Civil (PC) realizou os trabalhos t\u00e9cnicos no local e vai investigar as circunst\u00e2ncias do acidente. O registro ficou sob responsabilidade da Pol\u00edcia Militar Rodovi\u00e1ria.<\/p>\n<p>&nbsp;<\/p>\n<p>Fonte: R\u00e1dio Muria\u00e9<\/p>\n","protected":false},"excerpt":{"rendered":"<p>Duas pessoas morreram e outras quatro ficaram feridas em um acidente envolvendo dois carros e uma picape, na manh\u00e3 desta quarta-feira, 28, na BR-356, pr\u00f3ximo \u00e0 comunidade Santo Cristo, no trecho entre Muria\u00e9 (a cerca de 158Km de JF) e o distrito de Vermelho. Entre os mortos est\u00e1 a ex-vereadora e ex-presidente da C\u00e2mara Municipal [&hellip;]<\/p>\n","protected":false},"author":96,"featured_media":92830,"comment_status":"closed","ping_status":"closed","sticky":false,"template":"","format":"standard","meta":{"footnotes":""},"categories":[252],"tags":[],"class_list":["post-92831","post","type-post","status-publish","format-standard","has-post-thumbnail","hentry","category-regiao"],"_links":{"self":[{"href":"https:\/\/diarioregionaldigital.com.br\/index.php?rest_route=\/wp\/v2\/posts\/92831","targetHints":{"allow":["GET"]}}],"collection":[{"href":"https:\/\/diarioregionaldigital.com.br\/index.php?rest_route=\/wp\/v2\/posts"}],"about":[{"href":"https:\/\/diarioregionaldigital.com.br\/index.php?rest_route=\/wp\/v2\/types\/post"}],"author":[{"embeddable":true,"href":"https:\/\/diarioregionaldigital.com.br\/index.php?rest_route=\/wp\/v2\/users\/96"}],"replies":[{"embeddable":true,"href":"https:\/\/diarioregionaldigital.com.br\/index.php?rest_route=%2Fwp%2Fv2%2Fcomments&post=92831"}],"version-history":[{"count":0,"href":"https:\/\/diarioregionaldigital.com.br\/index.php?rest_route=\/wp\/v2\/posts\/92831\/revisions"}],"wp:featuredmedia":[{"embeddable":true,"href":"https:\/\/diarioregionaldigital.com.br\/index.php?rest_route=\/wp\/v2\/media\/92830"}],"wp:attachment":[{"href":"https:\/\/diarioregionaldigital.com.br\/index.php?rest_route=%2Fwp%2Fv2%2Fmedia&parent=92831"}],"wp:term":[{"taxonomy":"category","embeddable":true,"href":"https:\/\/diarioregionaldigital.com.br\/index.php?rest_route=%2Fwp%2Fv2%2Fcategories&post=92831"},{"taxonomy":"post_tag","embeddable":true,"href":"https:\/\/diarioregionaldigital.com.br\/index.php?rest_route=%2Fwp%2Fv2%2Ftags&post=92831"}],"curies":[{"name":"wp","href":"https:\/\/api.w.org\/{rel}","templated":true}]}}