{"id":92827,"date":"2018-02-28T19:06:34","date_gmt":"2018-02-28T22:06:34","guid":{"rendered":"http:\/\/diarioregionaljf.com.br\/2018\/02\/28\/turistas-que-foram-ao-sambodromo-fizeram-boa-avaliacao-da-seguranca\/"},"modified":"2018-02-28T19:06:34","modified_gmt":"2018-02-28T22:06:34","slug":"turistas-que-foram-ao-sambodromo-fizeram-boa-avaliacao-da-seguranca","status":"publish","type":"post","link":"https:\/\/diarioregionaldigital.com.br\/?p=92827","title":{"rendered":"Turistas que foram ao Samb\u00f3dromo fizeram boa avalia\u00e7\u00e3o da seguran\u00e7a"},"content":{"rendered":"<p>A seguran\u00e7a no Rio de Janeiro foi bem avaliada por turistas brasileiros e estrangeiros entrevistados no Samb\u00f3dromo durante o Carnaval, divulgou nessa ter\u00e7a-feira, 28, a Escola Superior de Propaganda e Marketing (ESPM-Rio), que realizou o estudo em parceria com a Empresa de Turismo do Munic\u00edpio do Rio de Janeiro (Riotur).<\/p>\n<p>Segundo a pesquisa, 17% dos turistas estrangeiros, na Marqu\u00eas de Sapuca\u00ed, consideraram a seguran\u00e7a na cidade \u00f3tima, e 42%, boa. No caso dos turistas nacionais, 12% avaliaram a seguran\u00e7a como \u00f3tima, e 34%, como boa.<\/p>\n<p>A pesquisa entrevistou 536 pessoas nos dias 10, 11 e 12 de fevereiro, quando houve desfiles das escolas de samba da S\u00e9rie A e do Grupo Especial. Do total de entrevistados, 51% dos eram moradores do Rio de Janeiro, 19% eram turistas estrangeiros e 30%, turistas nacionais.<\/p>\n<p>Entre os turistas estrangeiros, 29% classificou a seguran\u00e7a no Rio como regular, 6% como ruim, e 6% como p\u00e9ssima.<\/p>\n<p>Para quem saiu de outros estados para o Rio, a percep\u00e7\u00e3o foi bem diferente: 16% consideraram a seguran\u00e7a p\u00e9ssima e 19%, ruim, enquanto apenas 12% responderam que ela era regular.<\/p>\n<p>Tanto os turistas estrangeiros quanto os brasileiros ficaram, em m\u00e9dia, oito dias no Rio de Janeiro. Os paulistas foram o maior grupo (39%) entre os brasileiros, enquanto os norte-americanos (24%) foram os estrangeiros mais presentes no Samb\u00f3dromo, seguidos pelos portugueses (24%) e pelos argentinos (12%).<\/p>\n<p>Para 95% dos turistas estrangeiros entrevistados, a visita \u00e0 cidade correspondeu ou superou as expectativas e 95,9% recomendariam a viagem a algu\u00e9m. Entre os brasileiros, 93,8% afirmam que a visita ao menos correspondeu ao que esperavam, e 97,4% recomendariam o Rio a conhecidos.<\/p>\n<p>Fonte: Ag\u00eancia Brasil<\/p>\n","protected":false},"excerpt":{"rendered":"<p>A seguran\u00e7a no Rio de Janeiro foi bem avaliada por turistas brasileiros e estrangeiros entrevistados no Samb\u00f3dromo durante o Carnaval, divulgou nessa ter\u00e7a-feira, 28, a Escola Superior de Propaganda e Marketing (ESPM-Rio), que realizou o estudo em parceria com a Empresa de Turismo do Munic\u00edpio do Rio de Janeiro (Riotur). Segundo a pesquisa, 17% dos [&hellip;]<\/p>\n","protected":false},"author":96,"featured_media":92826,"comment_status":"closed","ping_status":"closed","sticky":false,"template":"","format":"standard","meta":{"footnotes":""},"categories":[302],"tags":[],"class_list":["post-92827","post","type-post","status-publish","format-standard","has-post-thumbnail","hentry","category-brasil-mundo"],"_links":{"self":[{"href":"https:\/\/diarioregionaldigital.com.br\/index.php?rest_route=\/wp\/v2\/posts\/92827","targetHints":{"allow":["GET"]}}],"collection":[{"href":"https:\/\/diarioregionaldigital.com.br\/index.php?rest_route=\/wp\/v2\/posts"}],"about":[{"href":"https:\/\/diarioregionaldigital.com.br\/index.php?rest_route=\/wp\/v2\/types\/post"}],"author":[{"embeddable":true,"href":"https:\/\/diarioregionaldigital.com.br\/index.php?rest_route=\/wp\/v2\/users\/96"}],"replies":[{"embeddable":true,"href":"https:\/\/diarioregionaldigital.com.br\/index.php?rest_route=%2Fwp%2Fv2%2Fcomments&post=92827"}],"version-history":[{"count":0,"href":"https:\/\/diarioregionaldigital.com.br\/index.php?rest_route=\/wp\/v2\/posts\/92827\/revisions"}],"wp:featuredmedia":[{"embeddable":true,"href":"https:\/\/diarioregionaldigital.com.br\/index.php?rest_route=\/wp\/v2\/media\/92826"}],"wp:attachment":[{"href":"https:\/\/diarioregionaldigital.com.br\/index.php?rest_route=%2Fwp%2Fv2%2Fmedia&parent=92827"}],"wp:term":[{"taxonomy":"category","embeddable":true,"href":"https:\/\/diarioregionaldigital.com.br\/index.php?rest_route=%2Fwp%2Fv2%2Fcategories&post=92827"},{"taxonomy":"post_tag","embeddable":true,"href":"https:\/\/diarioregionaldigital.com.br\/index.php?rest_route=%2Fwp%2Fv2%2Ftags&post=92827"}],"curies":[{"name":"wp","href":"https:\/\/api.w.org\/{rel}","templated":true}]}}