{"id":92825,"date":"2018-02-28T19:02:12","date_gmt":"2018-02-28T22:02:12","guid":{"rendered":"http:\/\/diarioregionaljf.com.br\/2018\/02\/28\/adolescente-diz-ter-sido-baleado-durante-abordagem-policial-no-furtado-de-menezes\/"},"modified":"2018-02-28T19:02:12","modified_gmt":"2018-02-28T22:02:12","slug":"adolescente-diz-ter-sido-baleado-durante-abordagem-policial-no-furtado-de-menezes","status":"publish","type":"post","link":"https:\/\/diarioregionaldigital.com.br\/?p=92825","title":{"rendered":"Adolescente diz ter sido baleado durante abordagem policial no Furtado de Menezes"},"content":{"rendered":"<p>Um adolescente de 16 anos afirma ter levado um tiro de rasp\u00e3o no p\u00e9 ao ser abordado por policiais militares no bairro Furtado de Menezes, regi\u00e3o Sudeste, no in\u00edcio da manh\u00e3 dessa ter\u00e7a-feira, 27. A v\u00edtima se deslocou ao Hospital de Pronto Socorro (HPS), onde foi constatada uma perfura\u00e7\u00e3o em seu p\u00e9 esquerdo.<\/p>\n<p>De acordo com informa\u00e7\u00f5es da Pol\u00edcia Militar (PM), policiais compareceram ao HPS para registrar a ocorr\u00eancia. Na ocasi\u00e3o, o adolescente relatou que estava em um bar vendendo drogas e, ao perceber a presen\u00e7a de uma viatura, pegou sua bicicleta e saiu do local rapidamente.&nbsp;Neste momento, os militares teriam acelerado o carro e abordado o menor.<\/p>\n<p>A v\u00edtima relatou que durante a a\u00e7\u00e3o ocorreu um disparo de arma de fogo por parte dos militares, vindo a atingir seu p\u00e9 esquerdo de rasp\u00e3o. Ainda conforme o relato, depois do acontecido os policiais determinaram que o adolescente fosse embora.<\/p>\n<p>Um procedimento ser\u00e1 aberto pela PM para investigar o caso.<\/p>\n","protected":false},"excerpt":{"rendered":"<p>Um adolescente de 16 anos afirma ter levado um tiro de rasp\u00e3o no p\u00e9 ao ser abordado por policiais militares no bairro Furtado de Menezes, regi\u00e3o Sudeste, no in\u00edcio da manh\u00e3 dessa ter\u00e7a-feira, 27. A v\u00edtima se deslocou ao Hospital de Pronto Socorro (HPS), onde foi constatada uma perfura\u00e7\u00e3o em seu p\u00e9 esquerdo. De acordo [&hellip;]<\/p>\n","protected":false},"author":96,"featured_media":92824,"comment_status":"closed","ping_status":"closed","sticky":false,"template":"","format":"standard","meta":{"footnotes":""},"categories":[301],"tags":[],"class_list":["post-92825","post","type-post","status-publish","format-standard","has-post-thumbnail","hentry","category-artigos-policiais"],"_links":{"self":[{"href":"https:\/\/diarioregionaldigital.com.br\/index.php?rest_route=\/wp\/v2\/posts\/92825","targetHints":{"allow":["GET"]}}],"collection":[{"href":"https:\/\/diarioregionaldigital.com.br\/index.php?rest_route=\/wp\/v2\/posts"}],"about":[{"href":"https:\/\/diarioregionaldigital.com.br\/index.php?rest_route=\/wp\/v2\/types\/post"}],"author":[{"embeddable":true,"href":"https:\/\/diarioregionaldigital.com.br\/index.php?rest_route=\/wp\/v2\/users\/96"}],"replies":[{"embeddable":true,"href":"https:\/\/diarioregionaldigital.com.br\/index.php?rest_route=%2Fwp%2Fv2%2Fcomments&post=92825"}],"version-history":[{"count":0,"href":"https:\/\/diarioregionaldigital.com.br\/index.php?rest_route=\/wp\/v2\/posts\/92825\/revisions"}],"wp:featuredmedia":[{"embeddable":true,"href":"https:\/\/diarioregionaldigital.com.br\/index.php?rest_route=\/wp\/v2\/media\/92824"}],"wp:attachment":[{"href":"https:\/\/diarioregionaldigital.com.br\/index.php?rest_route=%2Fwp%2Fv2%2Fmedia&parent=92825"}],"wp:term":[{"taxonomy":"category","embeddable":true,"href":"https:\/\/diarioregionaldigital.com.br\/index.php?rest_route=%2Fwp%2Fv2%2Fcategories&post=92825"},{"taxonomy":"post_tag","embeddable":true,"href":"https:\/\/diarioregionaldigital.com.br\/index.php?rest_route=%2Fwp%2Fv2%2Ftags&post=92825"}],"curies":[{"name":"wp","href":"https:\/\/api.w.org\/{rel}","templated":true}]}}