{"id":92823,"date":"2018-02-28T18:59:50","date_gmt":"2018-02-28T21:59:50","guid":{"rendered":"http:\/\/diarioregionaljf.com.br\/2018\/02\/28\/trem-do-metro-descarrila-no-distrito-federal\/"},"modified":"2018-02-28T18:59:50","modified_gmt":"2018-02-28T21:59:50","slug":"trem-do-metro-descarrila-no-distrito-federal","status":"publish","type":"post","link":"https:\/\/diarioregionaldigital.com.br\/?p=92823","title":{"rendered":"Trem do metr\u00f4 descarrila no Distrito Federal"},"content":{"rendered":"<p>Um trem do metr\u00f4 do Distrito Federal (DF) descarrilou na manh\u00e3 dessa quarta-feira, 28, entre as esta\u00e7\u00f5es de \u00c1guas Claras e Arniqueiras. De acordo com o Companhia do Metropolitano do Distrito Federal (Metr\u00f4\/DF), o acidente ocorreu por volta das 9h. Apenas o motorista estava na composi\u00e7\u00e3o e n\u00e3o sofreu ferimentos.<\/p>\n<p>Alguns trechos do metr\u00f4 foram interrompidos por conta do acidente. Em sua conta no Twitter, o Metr\u00f4-DF informou que as opera\u00e7\u00f5es j\u00e1 est\u00e3o normalizadas no trecho entre os terminais Samambaia e Ceil\u00e2ndia para \u00c1guas Claras (ida e volta) e da Esta\u00e7\u00e3o Guar\u00e1 para a Central e de Central para Guar\u00e1.<\/p>\n<p>O governador do DF, Rodrigo Rollemberg, postou alguns coment\u00e1rios no Twitter do Metr\u00f4-DF. Em uma das postagens, Rollemberg disse: \u201cdevido a descarrilamento de um trem na Esta\u00e7\u00e3o Arniqueiras, o trecho Arniqueiras \u2013 Concession\u00e1rias est\u00e1 com suas atividades interrompidas, mas equipes j\u00e1 foram mobilizadas para devolver o trem aos trilhos e corrigir o problema\u201d.<\/p>\n<p>&#8220;A partir do meio-dia haver\u00e1 transbordo de \u00f4nibus para os usu\u00e1rios do @metrobrasilia entre as esta\u00e7\u00f5es Arniqueiras e \u00c1guas Claras\u201d, acrescentou o governador.<\/p>\n<p>Fonte: Ag\u00eancia Brasil<\/p>\n","protected":false},"excerpt":{"rendered":"<p>Um trem do metr\u00f4 do Distrito Federal (DF) descarrilou na manh\u00e3 dessa quarta-feira, 28, entre as esta\u00e7\u00f5es de \u00c1guas Claras e Arniqueiras. De acordo com o Companhia do Metropolitano do Distrito Federal (Metr\u00f4\/DF), o acidente ocorreu por volta das 9h. Apenas o motorista estava na composi\u00e7\u00e3o e n\u00e3o sofreu ferimentos. Alguns trechos do metr\u00f4 foram [&hellip;]<\/p>\n","protected":false},"author":96,"featured_media":92822,"comment_status":"closed","ping_status":"closed","sticky":false,"template":"","format":"standard","meta":{"footnotes":""},"categories":[302],"tags":[],"class_list":["post-92823","post","type-post","status-publish","format-standard","has-post-thumbnail","hentry","category-brasil-mundo"],"_links":{"self":[{"href":"https:\/\/diarioregionaldigital.com.br\/index.php?rest_route=\/wp\/v2\/posts\/92823","targetHints":{"allow":["GET"]}}],"collection":[{"href":"https:\/\/diarioregionaldigital.com.br\/index.php?rest_route=\/wp\/v2\/posts"}],"about":[{"href":"https:\/\/diarioregionaldigital.com.br\/index.php?rest_route=\/wp\/v2\/types\/post"}],"author":[{"embeddable":true,"href":"https:\/\/diarioregionaldigital.com.br\/index.php?rest_route=\/wp\/v2\/users\/96"}],"replies":[{"embeddable":true,"href":"https:\/\/diarioregionaldigital.com.br\/index.php?rest_route=%2Fwp%2Fv2%2Fcomments&post=92823"}],"version-history":[{"count":0,"href":"https:\/\/diarioregionaldigital.com.br\/index.php?rest_route=\/wp\/v2\/posts\/92823\/revisions"}],"wp:featuredmedia":[{"embeddable":true,"href":"https:\/\/diarioregionaldigital.com.br\/index.php?rest_route=\/wp\/v2\/media\/92822"}],"wp:attachment":[{"href":"https:\/\/diarioregionaldigital.com.br\/index.php?rest_route=%2Fwp%2Fv2%2Fmedia&parent=92823"}],"wp:term":[{"taxonomy":"category","embeddable":true,"href":"https:\/\/diarioregionaldigital.com.br\/index.php?rest_route=%2Fwp%2Fv2%2Fcategories&post=92823"},{"taxonomy":"post_tag","embeddable":true,"href":"https:\/\/diarioregionaldigital.com.br\/index.php?rest_route=%2Fwp%2Fv2%2Ftags&post=92823"}],"curies":[{"name":"wp","href":"https:\/\/api.w.org\/{rel}","templated":true}]}}