{"id":92821,"date":"2018-02-28T18:29:23","date_gmt":"2018-02-28T21:29:23","guid":{"rendered":"http:\/\/diarioregionaljf.com.br\/2018\/02\/28\/governo-de-transicao-toma-posse-na-africa-do-sul\/"},"modified":"2018-02-28T18:29:23","modified_gmt":"2018-02-28T21:29:23","slug":"governo-de-transicao-toma-posse-na-africa-do-sul","status":"publish","type":"post","link":"https:\/\/diarioregionaldigital.com.br\/?p=92821","title":{"rendered":"Governo de transi\u00e7\u00e3o toma posse na \u00c1frica do Sul"},"content":{"rendered":"<p>V\u00e1rios ministros do novo governo da \u00c1frica do Sul e o vice-presidente, David Mabuza, tomaram posse nessa ter\u00e7a-feira, 27, em seus cargos ap\u00f3s serem nomeados pelo presidente, Cyril Ramaphosa, que afirmou que o novo Poder Executivo deve ser considerado como &#8220;de transi\u00e7\u00e3o&#8221;.<\/p>\n<p>Entre os novos ministros se destacam Nkosazana Dlamini-Zuma, que foi a principal rival de Ramaphosa nas prim\u00e1rias do Congresso Nacional Africano (CNA) e agora assume o Minist\u00e9rio da Presid\u00eancia, e Nhlanhla Nene, que retorna ao Minist\u00e9rio das Finan\u00e7as, posto chave para o presidente, ap\u00f3s sua pol\u00eamica destitui\u00e7\u00e3o em 2015. A informa\u00e7\u00e3o \u00e9 da EFE.<\/p>\n<p>Um total de oito ministros, cinco vice-ministros e o vice-presidente juraram seu cargo e, embora a lista de designa\u00e7\u00f5es tenha mais de 20 nomes, os que j\u00e1 faziam parte do governo ocupando outros cargos n\u00e3o tinham a obriga\u00e7\u00e3o de retornar para tomar posse, informou a imprensa local.<\/p>\n<p>Alguns deles, como Mabuza e Nene, tiveram que tomar posse antes como deputados do Parlamento.<\/p>\n<p>Ramaphosa confirmou que este gabinete ser\u00e1 &#8220;de transi\u00e7\u00e3o at\u00e9 as pr\u00f3ximas elei\u00e7\u00f5es&#8221;, previstas para 2019 e nas quais concorrer\u00e1 como candidato do CNA.<\/p>\n<p>Onze dias depois de assumir como chefe de Estado em substitui\u00e7\u00e3o de Jacob Zuma, Ramaphosa explicou que as mudan\u00e7as s\u00e3o destinadas a garantir que o governo esteja &#8220;melhor preparado&#8221; para enfrentar os desafios que ter\u00e1 como presidente, como a revitaliza\u00e7\u00e3o da economia sul-africana, e disse que estava &#8220;muito consciente da necessidade de equilibrar continuidade e estabilidade com a necessidade de renova\u00e7\u00e3o&#8221;.<\/p>\n<p>Assim, ao contr\u00e1rio do esperado, foram mantidas algumas das figuras mais pol\u00eamicas da equipe de Zuma &#8211; como o at\u00e9 agora ministro das Finan\u00e7as, Malusi Gigaba, que passar\u00e1 a ocupar a pasta de Interior, apesar das acusa\u00e7\u00f5es de corrup\u00e7\u00e3o &#8211; e adiada a anunciada redu\u00e7\u00e3o da dimens\u00e3o do gabinete (que conta com 35 minist\u00e9rios) at\u00e9 que se fa\u00e7a uma &#8220;revis\u00e3o&#8221;.<\/p>\n<p>Apesar das press\u00f5es para que fosse nomeada uma mulher, Ramaphosa anunciou que David Mabuza &#8211; n\u00famero dois do CNA, partido governante &#8211; assumir\u00e1 a vice-presid\u00eancia do pa\u00eds,&nbsp; que foi ocupada pelo atual presidente at\u00e9 o \u00faltimo dia 14 de fevereiro.<\/p>\n<p>Algumas das pastas que mudam de titular s\u00e3o as das Rela\u00e7\u00f5es Exteriores, Energia, Educa\u00e7\u00e3o Superior, Transporte, Turismo, Seguran\u00e7a, Desenvolvimento Rural e Reforma de Terras e Empresas p\u00fablicas.<\/p>\n<p>Fonte: Ag\u00eancia Brasil<\/p>\n","protected":false},"excerpt":{"rendered":"<p>V\u00e1rios ministros do novo governo da \u00c1frica do Sul e o vice-presidente, David Mabuza, tomaram posse nessa ter\u00e7a-feira, 27, em seus cargos ap\u00f3s serem nomeados pelo presidente, Cyril Ramaphosa, que afirmou que o novo Poder Executivo deve ser considerado como &#8220;de transi\u00e7\u00e3o&#8221;. Entre os novos ministros se destacam Nkosazana Dlamini-Zuma, que foi a principal rival [&hellip;]<\/p>\n","protected":false},"author":96,"featured_media":92820,"comment_status":"closed","ping_status":"closed","sticky":false,"template":"","format":"standard","meta":{"footnotes":""},"categories":[302],"tags":[],"class_list":["post-92821","post","type-post","status-publish","format-standard","has-post-thumbnail","hentry","category-brasil-mundo"],"_links":{"self":[{"href":"https:\/\/diarioregionaldigital.com.br\/index.php?rest_route=\/wp\/v2\/posts\/92821","targetHints":{"allow":["GET"]}}],"collection":[{"href":"https:\/\/diarioregionaldigital.com.br\/index.php?rest_route=\/wp\/v2\/posts"}],"about":[{"href":"https:\/\/diarioregionaldigital.com.br\/index.php?rest_route=\/wp\/v2\/types\/post"}],"author":[{"embeddable":true,"href":"https:\/\/diarioregionaldigital.com.br\/index.php?rest_route=\/wp\/v2\/users\/96"}],"replies":[{"embeddable":true,"href":"https:\/\/diarioregionaldigital.com.br\/index.php?rest_route=%2Fwp%2Fv2%2Fcomments&post=92821"}],"version-history":[{"count":0,"href":"https:\/\/diarioregionaldigital.com.br\/index.php?rest_route=\/wp\/v2\/posts\/92821\/revisions"}],"wp:featuredmedia":[{"embeddable":true,"href":"https:\/\/diarioregionaldigital.com.br\/index.php?rest_route=\/wp\/v2\/media\/92820"}],"wp:attachment":[{"href":"https:\/\/diarioregionaldigital.com.br\/index.php?rest_route=%2Fwp%2Fv2%2Fmedia&parent=92821"}],"wp:term":[{"taxonomy":"category","embeddable":true,"href":"https:\/\/diarioregionaldigital.com.br\/index.php?rest_route=%2Fwp%2Fv2%2Fcategories&post=92821"},{"taxonomy":"post_tag","embeddable":true,"href":"https:\/\/diarioregionaldigital.com.br\/index.php?rest_route=%2Fwp%2Fv2%2Ftags&post=92821"}],"curies":[{"name":"wp","href":"https:\/\/api.w.org\/{rel}","templated":true}]}}