{"id":92819,"date":"2018-02-28T18:21:02","date_gmt":"2018-02-28T21:21:02","guid":{"rendered":"http:\/\/diarioregionaljf.com.br\/2018\/02\/28\/macron-fara-visita-oficial-aos-eua-para-dialogar-com-trump\/"},"modified":"2018-02-28T18:21:02","modified_gmt":"2018-02-28T21:21:02","slug":"macron-fara-visita-oficial-aos-eua-para-dialogar-com-trump","status":"publish","type":"post","link":"https:\/\/diarioregionaldigital.com.br\/?p=92819","title":{"rendered":"Macron far\u00e1 visita oficial aos EUA para dialogar com Trump"},"content":{"rendered":"<p>O presidente franc\u00eas, Emmanuel Macron, aceitou o convite de seu hom\u00f3logo americano, Donald Trump, para visitar os Estados Unidos de 23 a 25 de abril, anunciou a presid\u00eancia francesa, em um comunicado de imprensa. Segundo a nota, ser\u00e1 a primeira viagem de Estado de Macron aos EUA e a primeira naquele pa\u00eds tendo Trump como anfitri\u00e3o. A informa\u00e7\u00e3o \u00e9 da ag\u00eancia chinesa Xinhua.<\/p>\n<p>&#8220;Este convite reflete a profundidade dos la\u00e7os hist\u00f3ricos entre os dois pa\u00edses, amigos e aliados, e a for\u00e7a das rela\u00e7\u00f5es entre os dois presidentes&#8221;, afirmou a Presid\u00eancia francesa.<\/p>\n<p>O programa da visita oficial est\u00e1 em prepara\u00e7\u00e3o e dever\u00e1 incluir uma reuni\u00e3o de trabalho na Casa Branca, uma confer\u00eancia de imprensa conjunta, v\u00e1rias cerim\u00f4nias formais e um jantar de Estado, de acordo com a Presid\u00eancia francesa.<\/p>\n<p>A visita de Macron aos EUA j\u00e1 havia sido divulgada pelo ministro de Rela\u00e7\u00f5es Exteriores franc\u00eas, Jean-Yves Le Drian, no come\u00e7o deste m\u00eas, mas sem dar uma data exata para a viagem, o que ocorreu ontem.<\/p>\n<h4>&nbsp;<\/h4>\n<h4>DESACORDOS<\/h4>\n<p>Trump convidou Macron a ir a Washington no \u00faltimo m\u00eas de janeiro, ap\u00f3s ter sido recebido pelo presidente franc\u00eas em Paris em 14 de julho passado, Dia da Bastilha, data nacional francesa.<\/p>\n<p>Macron e Trump mant\u00eam desacordos sobre diversos temas internacionais, como o Acordo de Paris sobre as mudan\u00e7as clim\u00e1ticas, o acordo sobre armas nucleares com o Ir\u00e3 e a recente decis\u00e3o de Washington de transferir sua embaixada em Israel para Jerusal\u00e9m.<\/p>\n<p>Fonte: Ag\u00eancia Brasil<\/p>\n","protected":false},"excerpt":{"rendered":"<p>O presidente franc\u00eas, Emmanuel Macron, aceitou o convite de seu hom\u00f3logo americano, Donald Trump, para visitar os Estados Unidos de 23 a 25 de abril, anunciou a presid\u00eancia francesa, em um comunicado de imprensa. Segundo a nota, ser\u00e1 a primeira viagem de Estado de Macron aos EUA e a primeira naquele pa\u00eds tendo Trump como [&hellip;]<\/p>\n","protected":false},"author":96,"featured_media":92818,"comment_status":"closed","ping_status":"closed","sticky":false,"template":"","format":"standard","meta":{"footnotes":""},"categories":[302],"tags":[],"class_list":["post-92819","post","type-post","status-publish","format-standard","has-post-thumbnail","hentry","category-brasil-mundo"],"_links":{"self":[{"href":"https:\/\/diarioregionaldigital.com.br\/index.php?rest_route=\/wp\/v2\/posts\/92819","targetHints":{"allow":["GET"]}}],"collection":[{"href":"https:\/\/diarioregionaldigital.com.br\/index.php?rest_route=\/wp\/v2\/posts"}],"about":[{"href":"https:\/\/diarioregionaldigital.com.br\/index.php?rest_route=\/wp\/v2\/types\/post"}],"author":[{"embeddable":true,"href":"https:\/\/diarioregionaldigital.com.br\/index.php?rest_route=\/wp\/v2\/users\/96"}],"replies":[{"embeddable":true,"href":"https:\/\/diarioregionaldigital.com.br\/index.php?rest_route=%2Fwp%2Fv2%2Fcomments&post=92819"}],"version-history":[{"count":0,"href":"https:\/\/diarioregionaldigital.com.br\/index.php?rest_route=\/wp\/v2\/posts\/92819\/revisions"}],"wp:featuredmedia":[{"embeddable":true,"href":"https:\/\/diarioregionaldigital.com.br\/index.php?rest_route=\/wp\/v2\/media\/92818"}],"wp:attachment":[{"href":"https:\/\/diarioregionaldigital.com.br\/index.php?rest_route=%2Fwp%2Fv2%2Fmedia&parent=92819"}],"wp:term":[{"taxonomy":"category","embeddable":true,"href":"https:\/\/diarioregionaldigital.com.br\/index.php?rest_route=%2Fwp%2Fv2%2Fcategories&post=92819"},{"taxonomy":"post_tag","embeddable":true,"href":"https:\/\/diarioregionaldigital.com.br\/index.php?rest_route=%2Fwp%2Fv2%2Ftags&post=92819"}],"curies":[{"name":"wp","href":"https:\/\/api.w.org\/{rel}","templated":true}]}}