{"id":92817,"date":"2018-02-28T18:02:20","date_gmt":"2018-02-28T21:02:20","guid":{"rendered":"http:\/\/diarioregionaljf.com.br\/2018\/02\/28\/cuba-preve-um-grande-deficit-na-sua-forca-de-trabalho-nas-proximas-decadas\/"},"modified":"2018-02-28T18:02:20","modified_gmt":"2018-02-28T21:02:20","slug":"cuba-preve-um-grande-deficit-na-sua-forca-de-trabalho-nas-proximas-decadas","status":"publish","type":"post","link":"https:\/\/diarioregionaldigital.com.br\/?p=92817","title":{"rendered":"Cuba prev\u00ea um grande d\u00e9ficit na sua for\u00e7a de trabalho nas pr\u00f3ximas d\u00e9cadas"},"content":{"rendered":"<p>Uma nova pesquisa do Centro de Estudos de Popula\u00e7\u00e3o e Desenvolvimento (Cepde) de Cuba indica que o pa\u00eds sofrer\u00e1 uma queda da for\u00e7a de trabalho no futuro pr\u00f3ximo. Os n\u00fameros, divulgados na segunda-feira, 26, mostram que, entre 2028 e 2032, cerca de 180 mil cubanos dar\u00e3o entrada em seus pedidos de aposentadoria, contra cerca de 120 mil que chegar\u00e3o \u00e0 idade ativa, que come\u00e7a aos 17 anos em Cuba. A informa\u00e7\u00e3o \u00e9 da ag\u00eancia chinesa Xinhua.<\/p>\n<p>De acordo com a pesquisa, publicada pelo jornal oficial &#8220;Trabajadores&#8221;, a diferen\u00e7a entre os dois grupos populacionais aumentar\u00e1 at\u00e9 atingir o &#8220;diferencial m\u00e1ximo&#8221; de quase 61 mil pessoas em 2032. Em 2015, a ilha tinha 7,2 milh\u00f5es de pessoas em idade ativa, mas um ano depois, o n\u00famero caiu para 7,1 milh\u00f5es.<\/p>\n<h4>RECOMENDA\u00c7\u00d5ES<\/h4>\n<p>Os especialistas analisam que uma baixa taxa de natalidade, um aumento da expectativa de vida e uma alta migra\u00e7\u00e3o externa s\u00e3o as maiores causas dessa situa\u00e7\u00e3o, que obrigou o governo da Ilha a criar uma comiss\u00e3o h\u00e1 quatro anos com o objetivo de &#8220;estimular a fertilidade e atender \u00e0s necessidades da crescente popula\u00e7\u00e3o dos idosos&#8221;.<\/p>\n<p>Os especialistas recomendaram a reconfigura\u00e7\u00e3o da qualifica\u00e7\u00e3o da m\u00e3o-de-obra a fim de aumentar sua produtividade, especialmente quando o n\u00famero de trabalhadores ativos diminui. Eles tamb\u00e9m aconselharam a investir em tecnologia para compensar a diminui\u00e7\u00e3o do capital humano.<\/p>\n<p>Cuba tem uma popula\u00e7\u00e3o de 11,2 milh\u00f5es de habitantes, dos quais cerca de 20% tem mais de 60 anos, de acordo com o Escrit\u00f3rio Nacional de Estat\u00edstica. A legisla\u00e7\u00e3o do pa\u00eds estabelece a idade de 60 anos para a aposentadoria de mulheres e 65 para homens.<\/p>\n<p>De acordo com previs\u00f5es, Cuba dever\u00e1 ter uma das popula\u00e7\u00f5es mais velhas da Am\u00e9rica Latina at\u00e9 2050.<\/p>\n<p>Fonte: Ag\u00eancia Brasil<\/p>\n","protected":false},"excerpt":{"rendered":"<p>Uma nova pesquisa do Centro de Estudos de Popula\u00e7\u00e3o e Desenvolvimento (Cepde) de Cuba indica que o pa\u00eds sofrer\u00e1 uma queda da for\u00e7a de trabalho no futuro pr\u00f3ximo. Os n\u00fameros, divulgados na segunda-feira, 26, mostram que, entre 2028 e 2032, cerca de 180 mil cubanos dar\u00e3o entrada em seus pedidos de aposentadoria, contra cerca de [&hellip;]<\/p>\n","protected":false},"author":96,"featured_media":92816,"comment_status":"closed","ping_status":"closed","sticky":false,"template":"","format":"standard","meta":{"footnotes":""},"categories":[302],"tags":[],"class_list":["post-92817","post","type-post","status-publish","format-standard","has-post-thumbnail","hentry","category-brasil-mundo"],"_links":{"self":[{"href":"https:\/\/diarioregionaldigital.com.br\/index.php?rest_route=\/wp\/v2\/posts\/92817","targetHints":{"allow":["GET"]}}],"collection":[{"href":"https:\/\/diarioregionaldigital.com.br\/index.php?rest_route=\/wp\/v2\/posts"}],"about":[{"href":"https:\/\/diarioregionaldigital.com.br\/index.php?rest_route=\/wp\/v2\/types\/post"}],"author":[{"embeddable":true,"href":"https:\/\/diarioregionaldigital.com.br\/index.php?rest_route=\/wp\/v2\/users\/96"}],"replies":[{"embeddable":true,"href":"https:\/\/diarioregionaldigital.com.br\/index.php?rest_route=%2Fwp%2Fv2%2Fcomments&post=92817"}],"version-history":[{"count":0,"href":"https:\/\/diarioregionaldigital.com.br\/index.php?rest_route=\/wp\/v2\/posts\/92817\/revisions"}],"wp:featuredmedia":[{"embeddable":true,"href":"https:\/\/diarioregionaldigital.com.br\/index.php?rest_route=\/wp\/v2\/media\/92816"}],"wp:attachment":[{"href":"https:\/\/diarioregionaldigital.com.br\/index.php?rest_route=%2Fwp%2Fv2%2Fmedia&parent=92817"}],"wp:term":[{"taxonomy":"category","embeddable":true,"href":"https:\/\/diarioregionaldigital.com.br\/index.php?rest_route=%2Fwp%2Fv2%2Fcategories&post=92817"},{"taxonomy":"post_tag","embeddable":true,"href":"https:\/\/diarioregionaldigital.com.br\/index.php?rest_route=%2Fwp%2Fv2%2Ftags&post=92817"}],"curies":[{"name":"wp","href":"https:\/\/api.w.org\/{rel}","templated":true}]}}