{"id":92815,"date":"2018-02-28T17:43:45","date_gmt":"2018-02-28T20:43:45","guid":{"rendered":"http:\/\/diarioregionaljf.com.br\/2018\/02\/28\/chapecoense-vence-premio-laureus-na-categoria-momento-esportivo-do-ano\/"},"modified":"2018-02-28T17:43:45","modified_gmt":"2018-02-28T20:43:45","slug":"chapecoense-vence-premio-laureus-na-categoria-momento-esportivo-do-ano","status":"publish","type":"post","link":"https:\/\/diarioregionaldigital.com.br\/?p=92815","title":{"rendered":"Chapecoense vence Pr\u00eamio Laureus na categoria \u201cMomento esportivo do ano\u201d"},"content":{"rendered":"<p>A Chapecoense conquistou nesta ter\u00e7a-feira, 27, em M\u00f4naco, o Pr\u00eamio Laureus, o Oscar do esporte, na categoria \u201cMomento Esportivo do Ano\u201d. O clube catarinense concorreu com a luta do jovem Bradley Lowery contra o c\u00e2ncer, o retorno de Billy Monger, que teve as pernas amputadas ap\u00f3s um acidente durante uma corrida da F\u00f3rmula 4, o encontro de Thomas Danel com Kimi Raikkonen, seu \u00eddolo, e o alvoro\u00e7o criado pela torcida do Iowa Hawkeye, time de futebol americano universit\u00e1rio, que resolveu virar de costas para o campo e se direcionar ao hospital pr\u00f3ximo ao est\u00e1dio para acenar \u00e0s crian\u00e7as internadas com graves problemas de sa\u00fade.<\/p>\n<p>Todas as inspiradoras hist\u00f3rias concentram valores do esporte que v\u00e3o al\u00e9m de resultados e desempenho. No caso da Chapecoense, a presen\u00e7a de Jakson Follmann, Alan Ruschel e Neto no amistoso entre o clube catarinense e o Barcelona, no Camp Nou, acabou emocionando o mundo, comovido com o fato de o trio ter sobrevivido ap\u00f3s o tr\u00e1gico acidente a\u00e9reo que vitimou a maior parte da delega\u00e7\u00e3o da Chape em Medell\u00edn, na Col\u00f4mbia.<\/p>\n<p>\u201cEsse pr\u00eamio \u00e9 uma honra e tamb\u00e9m uma homenagem a quem partiu e a quem ajudou na reconstru\u00e7\u00e3o. Foram muitas hist\u00f3rias emocionantes e comoventes, que tamb\u00e9m mereciam o pr\u00eamio com certeza. Obrigado a todos que votaram e um grande abra\u00e7o a todos os Chapecoenses de Chapec\u00f3 e do mundo\u201d, disse o presidente da Chapecoense, Pl\u00ednio David de Nes Filho, radiante com o pr\u00eamio.<\/p>\n<p>Alan Ruschel, um dos sobreviventes da trag\u00e9dia e respons\u00e1vel, em parte, pela presen\u00e7a da Chapecoense na disputa, se mostrou bastante contente e, acima de tudo, grato com a vit\u00f3ria do clube no Oscar do esporte.<\/p>\n<p>\u201cPrimeiramente, quero agradecer a todos que fizeram parte e fazem ainda dessa nossa reconstru\u00e7\u00e3o, dessa nossa conquista. Muito feliz em poder participar disso tudo, em ter voltado a fazer o que mais amo, em ter voltado a jogar. S\u00f3 consegui isso com a ajuda dos meus familiares, da minha esposa, dos meus amigos e do pessoal do clube, que sempre me ajudou. O clube tamb\u00e9m est\u00e1 de parab\u00e9ns por tudo que fez, pela batalha. N\u00e3o \u00e9 f\u00e1cil se reconstruir depois de uma trag\u00e9dia. Ent\u00e3o, s\u00f3 tenho que agradecer a todos. Feliz em servir de exemplo bom para outras pessoas. Que isso possa motivar muita gente ainda. S\u00f3 tenho que agradecer\u201d, comemorou o lateral-esquerdo.<\/p>\n<p>Nos \u00faltimos dias da vota\u00e7\u00e3o, que foi aberta ao p\u00fablico atrav\u00e9s do site do Pr\u00eamio Laureus, a Chapecoense conseguiu uma retomada impressionante em rela\u00e7\u00e3o aos seus concorrentes, saindo da \u00faltima coloca\u00e7\u00e3o e passando a brigar pelos primeiros lugares da disputa. O engajamento dos f\u00e3s do clube foi tamanho, que o time de Chapec\u00f3 acabou vencendo a categoria no final.<\/p>\n<p>A Chapecoense tamb\u00e9m concorreu na categoria \u201cMelhor retorno do ano\u201d contra o Barcelona, que superou o Paris Saint-Germain nas oitavas de final da Liga dos Campe\u00f5es ao vencer o jogo de volta por 6 a 1, Valentino Rossi, que quebrou a perna e ap\u00f3s tr\u00eas semanas competiu no GP de Arag\u00e3o de MotoGP, Roger Federer, o premiado e que chegou \u00e0 disputa ao faturar o Aberto da Austr\u00e1lia ap\u00f3s ficar seis meses longe das quadras por conta de uma les\u00e3o no joelho esquerdo, al\u00e9m de Justin Gatlin, campe\u00e3o mundial dos 100m rasos, batendo Usain Bolt, e Sally Pearson, outra figura do atletismo.<\/p>\n","protected":false},"excerpt":{"rendered":"<p>A Chapecoense conquistou nesta ter\u00e7a-feira, 27, em M\u00f4naco, o Pr\u00eamio Laureus, o Oscar do esporte, na categoria \u201cMomento Esportivo do Ano\u201d. O clube catarinense concorreu com a luta do jovem Bradley Lowery contra o c\u00e2ncer, o retorno de Billy Monger, que teve as pernas amputadas ap\u00f3s um acidente durante uma corrida da F\u00f3rmula 4, o [&hellip;]<\/p>\n","protected":false},"author":96,"featured_media":92814,"comment_status":"closed","ping_status":"closed","sticky":false,"template":"","format":"standard","meta":{"footnotes":""},"categories":[257],"tags":[],"class_list":["post-92815","post","type-post","status-publish","format-standard","has-post-thumbnail","hentry","category-esporte"],"_links":{"self":[{"href":"https:\/\/diarioregionaldigital.com.br\/index.php?rest_route=\/wp\/v2\/posts\/92815","targetHints":{"allow":["GET"]}}],"collection":[{"href":"https:\/\/diarioregionaldigital.com.br\/index.php?rest_route=\/wp\/v2\/posts"}],"about":[{"href":"https:\/\/diarioregionaldigital.com.br\/index.php?rest_route=\/wp\/v2\/types\/post"}],"author":[{"embeddable":true,"href":"https:\/\/diarioregionaldigital.com.br\/index.php?rest_route=\/wp\/v2\/users\/96"}],"replies":[{"embeddable":true,"href":"https:\/\/diarioregionaldigital.com.br\/index.php?rest_route=%2Fwp%2Fv2%2Fcomments&post=92815"}],"version-history":[{"count":0,"href":"https:\/\/diarioregionaldigital.com.br\/index.php?rest_route=\/wp\/v2\/posts\/92815\/revisions"}],"wp:featuredmedia":[{"embeddable":true,"href":"https:\/\/diarioregionaldigital.com.br\/index.php?rest_route=\/wp\/v2\/media\/92814"}],"wp:attachment":[{"href":"https:\/\/diarioregionaldigital.com.br\/index.php?rest_route=%2Fwp%2Fv2%2Fmedia&parent=92815"}],"wp:term":[{"taxonomy":"category","embeddable":true,"href":"https:\/\/diarioregionaldigital.com.br\/index.php?rest_route=%2Fwp%2Fv2%2Fcategories&post=92815"},{"taxonomy":"post_tag","embeddable":true,"href":"https:\/\/diarioregionaldigital.com.br\/index.php?rest_route=%2Fwp%2Fv2%2Ftags&post=92815"}],"curies":[{"name":"wp","href":"https:\/\/api.w.org\/{rel}","templated":true}]}}