{"id":92813,"date":"2018-02-28T17:27:41","date_gmt":"2018-02-28T20:27:41","guid":{"rendered":"http:\/\/diarioregionaljf.com.br\/2018\/02\/28\/uais-de-passos-e-barbacena-irao-oferecer-servicos-do-nucleo-de-assistencia-a-familia\/"},"modified":"2018-02-28T17:27:41","modified_gmt":"2018-02-28T20:27:41","slug":"uais-de-passos-e-barbacena-irao-oferecer-servicos-do-nucleo-de-assistencia-a-familia","status":"publish","type":"post","link":"https:\/\/diarioregionaldigital.com.br\/?p=92813","title":{"rendered":"UAIs de Passos e Barbacena ir\u00e3o oferecer servi\u00e7os do N\u00facleo de Assist\u00eancia \u00e0 Fam\u00edlia"},"content":{"rendered":"<p>As Unidades de Atendimento Integrado (UAIs) de Passos e Barbacena passar\u00e3o a oferecer os servi\u00e7os do N\u00facleo de Assist\u00eancia \u00e0 Fam\u00edlia (NAF) em mar\u00e7o. A UAI de Passos a partir do primeiro dia do m\u00eas e a de Barbacena a partir do dia 8.<\/p>\n<p>Para realizar visitas aos indiv\u00edduos privados de liberdade, o cidad\u00e3o realiza, presencialmente, o cadastro e o credenciamento de visitante nos NAFs que atendem a cada unidade prisional, n\u00e3o necessitando de agendamento.<\/p>\n<p>O agendamento pr\u00e9vio \u00e9 necess\u00e1rio apenas para visita \u00edntima ou assistida, em que o visitante passar\u00e1 por entrevista com a assist\u00eancia social do NAF. Para agendar esta entrevista, o cidad\u00e3o deve acessar o Portal MG (www.mg.gov.br), escolher o servi\u00e7o, o munic\u00edpio, a unidade, a data e o hor\u00e1rio para atendimento.<\/p>\n<p>&nbsp;<\/p>\n<h4>N\u00daCLEO DE ASSIST\u00caNCIA \u00c0 FAM\u00cdLIA (NAF)<\/h4>\n<p>O NAF, vinculado \u00e0 Secretaria de Estado de Administra\u00e7\u00e3o Prisional (Seap), \u00e9 um sistema de atendimento aos familiares das pessoas privadas de liberdade das Unidades Prisionais. Os cidad\u00e3os podem solicitar orienta\u00e7\u00f5es e apresentar reclama\u00e7\u00f5es e den\u00fancias.<\/p>\n<p>Al\u00e9m de pedidos relacionados a trabalho, educa\u00e7\u00e3o e sa\u00fade, outros documentos podem ser solicitados, como atestados carcer\u00e1rios, assinatura de documentos como procura\u00e7\u00e3o e reconhecimento de paternidade, dentre outros.<\/p>\n<p>O NAF encaminha as demandas para as pr\u00f3prias unidades prisionais e\/ou para outros setores respons\u00e1veis da secretaria. O funcionamento das UAIs de Passos e Barbacena \u00e9 de segunda a sexta-feira, de 8h \u00e0s 17h.<\/p>\n<p>&nbsp;<\/p>\n<p><strong>Servi\u00e7o:<\/strong><\/p>\n<p>&#8211; <strong>UAI Passos<\/strong><br \/>Rua Dos Engenheiros, 199 \u2013 Centro<br \/>CEP: 37.900-020 \u2013 Passos (MG)<\/p>\n<p>&#8211; <strong>UAI Barbacena<\/strong><br \/>Rua Silva Jardim, 340 \u2013 Bairro Boa Morte<br \/>CEP: 36.201-004 \u2013 Barbacena (MG)<\/p>\n<p>&nbsp;<\/p>\n<p>Fonte: Ag\u00eancia Minas<\/p>\n","protected":false},"excerpt":{"rendered":"<p>As Unidades de Atendimento Integrado (UAIs) de Passos e Barbacena passar\u00e3o a oferecer os servi\u00e7os do N\u00facleo de Assist\u00eancia \u00e0 Fam\u00edlia (NAF) em mar\u00e7o. A UAI de Passos a partir do primeiro dia do m\u00eas e a de Barbacena a partir do dia 8. Para realizar visitas aos indiv\u00edduos privados de liberdade, o cidad\u00e3o realiza, [&hellip;]<\/p>\n","protected":false},"author":96,"featured_media":92812,"comment_status":"closed","ping_status":"closed","sticky":false,"template":"","format":"standard","meta":{"footnotes":""},"categories":[252],"tags":[],"class_list":["post-92813","post","type-post","status-publish","format-standard","has-post-thumbnail","hentry","category-regiao"],"_links":{"self":[{"href":"https:\/\/diarioregionaldigital.com.br\/index.php?rest_route=\/wp\/v2\/posts\/92813","targetHints":{"allow":["GET"]}}],"collection":[{"href":"https:\/\/diarioregionaldigital.com.br\/index.php?rest_route=\/wp\/v2\/posts"}],"about":[{"href":"https:\/\/diarioregionaldigital.com.br\/index.php?rest_route=\/wp\/v2\/types\/post"}],"author":[{"embeddable":true,"href":"https:\/\/diarioregionaldigital.com.br\/index.php?rest_route=\/wp\/v2\/users\/96"}],"replies":[{"embeddable":true,"href":"https:\/\/diarioregionaldigital.com.br\/index.php?rest_route=%2Fwp%2Fv2%2Fcomments&post=92813"}],"version-history":[{"count":0,"href":"https:\/\/diarioregionaldigital.com.br\/index.php?rest_route=\/wp\/v2\/posts\/92813\/revisions"}],"wp:featuredmedia":[{"embeddable":true,"href":"https:\/\/diarioregionaldigital.com.br\/index.php?rest_route=\/wp\/v2\/media\/92812"}],"wp:attachment":[{"href":"https:\/\/diarioregionaldigital.com.br\/index.php?rest_route=%2Fwp%2Fv2%2Fmedia&parent=92813"}],"wp:term":[{"taxonomy":"category","embeddable":true,"href":"https:\/\/diarioregionaldigital.com.br\/index.php?rest_route=%2Fwp%2Fv2%2Fcategories&post=92813"},{"taxonomy":"post_tag","embeddable":true,"href":"https:\/\/diarioregionaldigital.com.br\/index.php?rest_route=%2Fwp%2Fv2%2Ftags&post=92813"}],"curies":[{"name":"wp","href":"https:\/\/api.w.org\/{rel}","templated":true}]}}