{"id":92809,"date":"2018-02-28T16:59:22","date_gmt":"2018-02-28T19:59:22","guid":{"rendered":"http:\/\/diarioregionaljf.com.br\/2018\/02\/28\/camara-aprova-medida-que-prorroga-adesao-ao-refis-rural\/"},"modified":"2018-02-28T16:59:22","modified_gmt":"2018-02-28T19:59:22","slug":"camara-aprova-medida-que-prorroga-adesao-ao-refis-rural","status":"publish","type":"post","link":"https:\/\/diarioregionaldigital.com.br\/?p=92809","title":{"rendered":"C\u00e2mara aprova medida que prorroga ades\u00e3o ao Refis Rural"},"content":{"rendered":"<p>O plen\u00e1rio da C\u00e2mara aprovou hoje, 28, uma Medida Provis\u00f3ria (MP) que prorroga de 28 de fevereiro para 30 de abril o prazo de ades\u00e3o dos produtores rurais ao Programa de Regulariza\u00e7\u00e3o Tribut\u00e1ria Rural (Funrural).<\/p>\n<p>A MP tamb\u00e9m cria um sistema de acumula\u00e7\u00e3o dos pagamentos da entrada no programa. A dilata\u00e7\u00e3o do prazo foi uma reivindica\u00e7\u00e3o dos produtores que queriam mais tempo para fazer a ades\u00e3o e pagar as primeiras parcelas do refinanciamento dos d\u00e9bitos. Agora, a mat\u00e9ria segue para o Senado.<\/p>\n<p><a href=\"economia\/22978-programa-de-renegociacao-de-dividas-rurais-e-publicado-no-dou\" target=\"_blank\" rel=\"noopener noreferrer\">A renegocia\u00e7\u00e3o das d\u00edvidas rurais junto \u00e0 Secretaria da Receita Federal e \u00e0 Procuradoria-Geral da Fazenda Nacional foi sancionada pelo presidente Michel Temer em janeiro<\/a>, com vetos de dispositivos que, segundo o governo, poderiam aumentar o custo fiscal para a Uni\u00e3o.<\/p>\n<p>&nbsp;<\/p>\n<p>Fonte: Ag\u00eancia Brasil<\/p>\n","protected":false},"excerpt":{"rendered":"<p>O plen\u00e1rio da C\u00e2mara aprovou hoje, 28, uma Medida Provis\u00f3ria (MP) que prorroga de 28 de fevereiro para 30 de abril o prazo de ades\u00e3o dos produtores rurais ao Programa de Regulariza\u00e7\u00e3o Tribut\u00e1ria Rural (Funrural). A MP tamb\u00e9m cria um sistema de acumula\u00e7\u00e3o dos pagamentos da entrada no programa. A dilata\u00e7\u00e3o do prazo foi uma [&hellip;]<\/p>\n","protected":false},"author":96,"featured_media":92808,"comment_status":"closed","ping_status":"closed","sticky":false,"template":"","format":"standard","meta":{"footnotes":""},"categories":[261],"tags":[],"class_list":["post-92809","post","type-post","status-publish","format-standard","has-post-thumbnail","hentry","category-economia"],"_links":{"self":[{"href":"https:\/\/diarioregionaldigital.com.br\/index.php?rest_route=\/wp\/v2\/posts\/92809","targetHints":{"allow":["GET"]}}],"collection":[{"href":"https:\/\/diarioregionaldigital.com.br\/index.php?rest_route=\/wp\/v2\/posts"}],"about":[{"href":"https:\/\/diarioregionaldigital.com.br\/index.php?rest_route=\/wp\/v2\/types\/post"}],"author":[{"embeddable":true,"href":"https:\/\/diarioregionaldigital.com.br\/index.php?rest_route=\/wp\/v2\/users\/96"}],"replies":[{"embeddable":true,"href":"https:\/\/diarioregionaldigital.com.br\/index.php?rest_route=%2Fwp%2Fv2%2Fcomments&post=92809"}],"version-history":[{"count":0,"href":"https:\/\/diarioregionaldigital.com.br\/index.php?rest_route=\/wp\/v2\/posts\/92809\/revisions"}],"wp:featuredmedia":[{"embeddable":true,"href":"https:\/\/diarioregionaldigital.com.br\/index.php?rest_route=\/wp\/v2\/media\/92808"}],"wp:attachment":[{"href":"https:\/\/diarioregionaldigital.com.br\/index.php?rest_route=%2Fwp%2Fv2%2Fmedia&parent=92809"}],"wp:term":[{"taxonomy":"category","embeddable":true,"href":"https:\/\/diarioregionaldigital.com.br\/index.php?rest_route=%2Fwp%2Fv2%2Fcategories&post=92809"},{"taxonomy":"post_tag","embeddable":true,"href":"https:\/\/diarioregionaldigital.com.br\/index.php?rest_route=%2Fwp%2Fv2%2Ftags&post=92809"}],"curies":[{"name":"wp","href":"https:\/\/api.w.org\/{rel}","templated":true}]}}