{"id":92807,"date":"2018-02-28T16:41:23","date_gmt":"2018-02-28T19:41:23","guid":{"rendered":"http:\/\/diarioregionaljf.com.br\/2018\/02\/28\/curso-preparatorio-para-concursos-da-pjf-divulga-lista-de-classificados-para-2018\/"},"modified":"2018-02-28T16:41:23","modified_gmt":"2018-02-28T19:41:23","slug":"curso-preparatorio-para-concursos-da-pjf-divulga-lista-de-classificados-para-2018","status":"publish","type":"post","link":"https:\/\/diarioregionaldigital.com.br\/?p=92807","title":{"rendered":"Curso Preparat\u00f3rio para Concursos da PJF divulga lista de classificados para 2018"},"content":{"rendered":"<p>O Curso Preparat\u00f3rio para Concursos (CPC) divulgou a lista dos classificados para o ano letivo de 2018. Os estudantes devem realizar matr\u00edcula entre os dias 1\u00ba a 9 de mar\u00e7o (somente dias \u00fateis), das 8h \u00e0s 12h ou 14h \u00e0s 18h, no pr\u00e9dio da Secretaria de Desenvolvimento Social (SDS) da Prefeitura de Juiz de Fora (PJF), na Rua Halfeld, n\u00ba 450, 5\u00ba andar. Em 2018, o CPC oferece os cursos para o Exame Nacional do Ensino M\u00e9dio (Enem), Programa de Ingresso Seletivo Misto (Pism), Instituto Federal de Educa\u00e7\u00e3o, Ci\u00eancia e Tecnologia (IF) e concursos em geral.<\/p>\n<p>Tamb\u00e9m est\u00e3o na lista os nomes dos excedentes, que devem ficar atentos \u00e0s pr\u00f3ximas chamadas.<\/p>\n<p>Os documentos necess\u00e1rios para matr\u00edcula s\u00e3o: carteira de identidade; Cadastro de Pessoa F\u00edsica (CPF); comprovantes de resid\u00eancia e de renda; certificado de conclus\u00e3o ou declara\u00e7\u00e3o de escolaridade do candidato e uma foto 3X4. Os atendidos pelo Bolsa Fam\u00edlia ou pelo Benef\u00edcio de Presta\u00e7\u00e3o Continuada (BPC) devem apresentar o cart\u00e3o e o \u00faltimo extrato banc\u00e1rio. Os documentos originais dever\u00e3o estar acompanhados das c\u00f3pias. Caso o candidato tenha menos de 18 anos, a matr\u00edcula dever\u00e1 ser feita pelo respons\u00e1vel legal. Confira <a href=\"https:\/\/www.pjf.mg.gov.br\/noticias\/anexo\/lista_cpc.pdf\" target=\"_blank\" rel=\"noopener noreferrer\">aqui <\/a>a lista dos classificados.<\/p>\n<p>&nbsp;<\/p>\n<h4>CPC<\/h4>\n<p>Programa da SDS, que tem como objetivo criar oportunidades para estudantes de baixa renda ingressarem no ensino superior ou t\u00e9cnico. Para isso, oferece cursos preparat\u00f3rios que possibilitam aos alunos concorrerem em n\u00edvel de igualdade nos processos seletivos. Oferta, tamb\u00e9m, prepara\u00e7\u00e3o para estudantes que desejam realizar provas para concursos p\u00fablicos municipais e estaduais. Outras informa\u00e7\u00f5es sobre o CPC pelo telefone 3690-8503.<\/p>\n<p>&nbsp;<\/p>\n<p>Fonte: Assessoria<\/p>\n","protected":false},"excerpt":{"rendered":"<p>O Curso Preparat\u00f3rio para Concursos (CPC) divulgou a lista dos classificados para o ano letivo de 2018. Os estudantes devem realizar matr\u00edcula entre os dias 1\u00ba a 9 de mar\u00e7o (somente dias \u00fateis), das 8h \u00e0s 12h ou 14h \u00e0s 18h, no pr\u00e9dio da Secretaria de Desenvolvimento Social (SDS) da Prefeitura de Juiz de Fora [&hellip;]<\/p>\n","protected":false},"author":96,"featured_media":92806,"comment_status":"closed","ping_status":"closed","sticky":false,"template":"","format":"standard","meta":{"footnotes":""},"categories":[253],"tags":[],"class_list":["post-92807","post","type-post","status-publish","format-standard","has-post-thumbnail","hentry","category-cidade"],"_links":{"self":[{"href":"https:\/\/diarioregionaldigital.com.br\/index.php?rest_route=\/wp\/v2\/posts\/92807","targetHints":{"allow":["GET"]}}],"collection":[{"href":"https:\/\/diarioregionaldigital.com.br\/index.php?rest_route=\/wp\/v2\/posts"}],"about":[{"href":"https:\/\/diarioregionaldigital.com.br\/index.php?rest_route=\/wp\/v2\/types\/post"}],"author":[{"embeddable":true,"href":"https:\/\/diarioregionaldigital.com.br\/index.php?rest_route=\/wp\/v2\/users\/96"}],"replies":[{"embeddable":true,"href":"https:\/\/diarioregionaldigital.com.br\/index.php?rest_route=%2Fwp%2Fv2%2Fcomments&post=92807"}],"version-history":[{"count":0,"href":"https:\/\/diarioregionaldigital.com.br\/index.php?rest_route=\/wp\/v2\/posts\/92807\/revisions"}],"wp:featuredmedia":[{"embeddable":true,"href":"https:\/\/diarioregionaldigital.com.br\/index.php?rest_route=\/wp\/v2\/media\/92806"}],"wp:attachment":[{"href":"https:\/\/diarioregionaldigital.com.br\/index.php?rest_route=%2Fwp%2Fv2%2Fmedia&parent=92807"}],"wp:term":[{"taxonomy":"category","embeddable":true,"href":"https:\/\/diarioregionaldigital.com.br\/index.php?rest_route=%2Fwp%2Fv2%2Fcategories&post=92807"},{"taxonomy":"post_tag","embeddable":true,"href":"https:\/\/diarioregionaldigital.com.br\/index.php?rest_route=%2Fwp%2Fv2%2Ftags&post=92807"}],"curies":[{"name":"wp","href":"https:\/\/api.w.org\/{rel}","templated":true}]}}