{"id":92805,"date":"2018-02-28T16:25:50","date_gmt":"2018-02-28T19:25:50","guid":{"rendered":"http:\/\/diarioregionaljf.com.br\/2018\/02\/28\/sel-recebe-fichas-para-a-copa-pjf-bahamas-de-futsal-2018-somente-nesta-quarta-feira\/"},"modified":"2018-02-28T16:25:50","modified_gmt":"2018-02-28T19:25:50","slug":"sel-recebe-fichas-para-a-copa-pjf-bahamas-de-futsal-2018-somente-nesta-quarta-feira","status":"publish","type":"post","link":"https:\/\/diarioregionaldigital.com.br\/?p=92805","title":{"rendered":"SEL recebe fichas para a Copa PJF Bahamas de Futsal 2018 somente nesta quarta-feira"},"content":{"rendered":"<p>As equipes que retiraram suas fichas de inscri\u00e7\u00e3o no \u00faltimo dia 9 para participar da Copa Prefeitura Bahamas de Futsal 2018 dever\u00e3o se apresentar na sede da Secretaria de Esporte e Lazer (SEL), na Avenida Rui Barbosa, 530, Bairro Santa Terezinha, nesta quarta-feira, 28, das 8 \u00e0s 12 horas e das 14 \u00e0s 18 horas, para devolu\u00e7\u00e3o do documento preenchido e doa\u00e7\u00e3o volunt\u00e1ria de alimentos. A data \u00e9 a mesma para todas as categorias, e somente assim a inscri\u00e7\u00e3o da equipe ser\u00e1 finalizada. O Congresso T\u00e9cnico, com as equipes inscritas, ser\u00e1 em 5 de mar\u00e7o. O desfile de abertura est\u00e1 marcado para 10 de mar\u00e7o, no Col\u00e9gio Jesu\u00edtas.<\/p>\n<p><strong>Doa\u00e7\u00f5es<\/strong><\/p>\n<p>A copa, al\u00e9m de ser um evento esportivo, tamb\u00e9m tem cunho social, atrav\u00e9s da doa\u00e7\u00e3o volunt\u00e1ria de alimentos, que \u00e9 solicitada pela coordena\u00e7\u00e3o da competi\u00e7\u00e3o. As equipes participantes n\u00e3o t\u00eam obriga\u00e7\u00e3o de doar, por\u00e9m, esse gesto nobre, que todos os anos tem grande ades\u00e3o dos inscritos, transforma vidas, atrav\u00e9s do repasse dos alimentos a institui\u00e7\u00f5es filantr\u00f3picas da cidade.<\/p>\n<p><strong>A Copa<\/strong><\/p>\n<p>A &#8220;Copa Prefeitura de Juiz de Fora de Futsal&#8221; \u00e9 realizada pela PJF h\u00e1 mais de 30 anos, sendo que, desde 1999, tem a parceria do Grupo Bahamas e teve o nome alterado para &#8220;Copa Prefeitura Bahamas de Futsal&#8221;. Entre as equipes masculinas, a competi\u00e7\u00e3o \u00e9 disputada nas categorias iniciante, pr\u00e9-mirim, mirim, infantil, infantojuvenil , juvenil, adulto e veterano. As femininas disputam a infantil, infantojuvenil e adulto.<\/p>\n<p><strong>Fonte: Assessoria\/SEL<\/strong><\/p>\n","protected":false},"excerpt":{"rendered":"<p>As equipes que retiraram suas fichas de inscri\u00e7\u00e3o no \u00faltimo dia 9 para participar da Copa Prefeitura Bahamas de Futsal 2018 dever\u00e3o se apresentar na sede da Secretaria de Esporte e Lazer (SEL), na Avenida Rui Barbosa, 530, Bairro Santa Terezinha, nesta quarta-feira, 28, das 8 \u00e0s 12 horas e das 14 \u00e0s 18 horas, [&hellip;]<\/p>\n","protected":false},"author":96,"featured_media":92804,"comment_status":"closed","ping_status":"closed","sticky":false,"template":"","format":"standard","meta":{"footnotes":""},"categories":[257],"tags":[],"class_list":["post-92805","post","type-post","status-publish","format-standard","has-post-thumbnail","hentry","category-esporte"],"_links":{"self":[{"href":"https:\/\/diarioregionaldigital.com.br\/index.php?rest_route=\/wp\/v2\/posts\/92805","targetHints":{"allow":["GET"]}}],"collection":[{"href":"https:\/\/diarioregionaldigital.com.br\/index.php?rest_route=\/wp\/v2\/posts"}],"about":[{"href":"https:\/\/diarioregionaldigital.com.br\/index.php?rest_route=\/wp\/v2\/types\/post"}],"author":[{"embeddable":true,"href":"https:\/\/diarioregionaldigital.com.br\/index.php?rest_route=\/wp\/v2\/users\/96"}],"replies":[{"embeddable":true,"href":"https:\/\/diarioregionaldigital.com.br\/index.php?rest_route=%2Fwp%2Fv2%2Fcomments&post=92805"}],"version-history":[{"count":0,"href":"https:\/\/diarioregionaldigital.com.br\/index.php?rest_route=\/wp\/v2\/posts\/92805\/revisions"}],"wp:featuredmedia":[{"embeddable":true,"href":"https:\/\/diarioregionaldigital.com.br\/index.php?rest_route=\/wp\/v2\/media\/92804"}],"wp:attachment":[{"href":"https:\/\/diarioregionaldigital.com.br\/index.php?rest_route=%2Fwp%2Fv2%2Fmedia&parent=92805"}],"wp:term":[{"taxonomy":"category","embeddable":true,"href":"https:\/\/diarioregionaldigital.com.br\/index.php?rest_route=%2Fwp%2Fv2%2Fcategories&post=92805"},{"taxonomy":"post_tag","embeddable":true,"href":"https:\/\/diarioregionaldigital.com.br\/index.php?rest_route=%2Fwp%2Fv2%2Ftags&post=92805"}],"curies":[{"name":"wp","href":"https:\/\/api.w.org\/{rel}","templated":true}]}}