{"id":92801,"date":"2018-02-28T16:17:12","date_gmt":"2018-02-28T19:17:12","guid":{"rendered":"http:\/\/diarioregionaljf.com.br\/2018\/02\/28\/via-040-oferece-30-vagas-para-pessoas-com-deficiencia\/"},"modified":"2018-02-28T16:17:12","modified_gmt":"2018-02-28T19:17:12","slug":"via-040-oferece-30-vagas-para-pessoas-com-deficiencia","status":"publish","type":"post","link":"https:\/\/diarioregionaldigital.com.br\/?p=92801","title":{"rendered":"Via 040 oferece 30 vagas para pessoas com defici\u00eancia"},"content":{"rendered":"<p>A Via 040, concession\u00e1ria respons\u00e1vel pela gest\u00e3o da BR-040 entre os munic\u00edpios de Bras\u00edlia e Juiz de Fora, oferece 30 vagas para diversas \u00e1reas, exclusivas para Pessoas com Defici\u00eancia. As oportunidades s\u00e3o para candidatos moradores da Regi\u00e3o Metropolitana de Belo Horizonte e tamb\u00e9m dos munic\u00edpios de Cristalina (GO), Paracatu (MG), Lagoa Grande (MG), Jo\u00e3o Pinheiro (MG), Tr\u00eas Marias (MG), Felixl\u00e2ndia (MG), Curvelo (MG), Sete Lagoas (MG), Congonhas (MG), Cristiano Otoni (MG) e Barbacena (MG).<\/p>\n<p>Os interessados em participar do processo seletivo devem possuir ensino m\u00e9dio completo e experi\u00eancia em \u00e1reas administrativas. Tamb\u00e9m \u00e9 desej\u00e1vel conhecimento de inform\u00e1tica. Os candidatos devem enviar o curr\u00edculo para o e-mail rh@via040.invepar.com.br, preenchendo o campo assunto com &#8220;Vagas PCD &#8211; Nome da Cidade&#8221;.<\/p>\n<p>De acordo com a empresa, o sal\u00e1rio \u00e9 compat\u00edvel com o mercado e inclui diversos benef\u00edcios.<\/p>\n<p>&nbsp;<\/p>\n<p>Da reda\u00e7\u00e3o\/Colabora\u00e7\u00e3o Assessoria<\/p>\n","protected":false},"excerpt":{"rendered":"<p>A Via 040, concession\u00e1ria respons\u00e1vel pela gest\u00e3o da BR-040 entre os munic\u00edpios de Bras\u00edlia e Juiz de Fora, oferece 30 vagas para diversas \u00e1reas, exclusivas para Pessoas com Defici\u00eancia. As oportunidades s\u00e3o para candidatos moradores da Regi\u00e3o Metropolitana de Belo Horizonte e tamb\u00e9m dos munic\u00edpios de Cristalina (GO), Paracatu (MG), Lagoa Grande (MG), Jo\u00e3o Pinheiro [&hellip;]<\/p>\n","protected":false},"author":96,"featured_media":92800,"comment_status":"closed","ping_status":"closed","sticky":false,"template":"","format":"standard","meta":{"footnotes":""},"categories":[280],"tags":[],"class_list":["post-92801","post","type-post","status-publish","format-standard","has-post-thumbnail","hentry","category-concurso"],"_links":{"self":[{"href":"https:\/\/diarioregionaldigital.com.br\/index.php?rest_route=\/wp\/v2\/posts\/92801","targetHints":{"allow":["GET"]}}],"collection":[{"href":"https:\/\/diarioregionaldigital.com.br\/index.php?rest_route=\/wp\/v2\/posts"}],"about":[{"href":"https:\/\/diarioregionaldigital.com.br\/index.php?rest_route=\/wp\/v2\/types\/post"}],"author":[{"embeddable":true,"href":"https:\/\/diarioregionaldigital.com.br\/index.php?rest_route=\/wp\/v2\/users\/96"}],"replies":[{"embeddable":true,"href":"https:\/\/diarioregionaldigital.com.br\/index.php?rest_route=%2Fwp%2Fv2%2Fcomments&post=92801"}],"version-history":[{"count":0,"href":"https:\/\/diarioregionaldigital.com.br\/index.php?rest_route=\/wp\/v2\/posts\/92801\/revisions"}],"wp:featuredmedia":[{"embeddable":true,"href":"https:\/\/diarioregionaldigital.com.br\/index.php?rest_route=\/wp\/v2\/media\/92800"}],"wp:attachment":[{"href":"https:\/\/diarioregionaldigital.com.br\/index.php?rest_route=%2Fwp%2Fv2%2Fmedia&parent=92801"}],"wp:term":[{"taxonomy":"category","embeddable":true,"href":"https:\/\/diarioregionaldigital.com.br\/index.php?rest_route=%2Fwp%2Fv2%2Fcategories&post=92801"},{"taxonomy":"post_tag","embeddable":true,"href":"https:\/\/diarioregionaldigital.com.br\/index.php?rest_route=%2Fwp%2Fv2%2Ftags&post=92801"}],"curies":[{"name":"wp","href":"https:\/\/api.w.org\/{rel}","templated":true}]}}