{"id":92795,"date":"2018-02-28T00:21:47","date_gmt":"2018-02-28T03:21:47","guid":{"rendered":"http:\/\/diarioregionaljf.com.br\/2018\/02\/28\/secretaria-investiga-casos-de-febre-amarela-em-onze-pacientes-imunizados-em-minas-gerais\/"},"modified":"2018-02-28T00:21:47","modified_gmt":"2018-02-28T03:21:47","slug":"secretaria-investiga-casos-de-febre-amarela-em-onze-pacientes-imunizados-em-minas-gerais","status":"publish","type":"post","link":"https:\/\/diarioregionaldigital.com.br\/?p=92795","title":{"rendered":"Secretaria investiga casos de febre amarela em onze pacientes imunizados em Minas Gerais"},"content":{"rendered":"<p>Secretaria de Estado de Sa\u00fade de Minas Gerais (SES-MG) investiga os onze casos de pacientes que foram diagnosticados com febre amarela, mas j\u00e1 tinham tomando a vacina em anos anteriores. A informa\u00e7\u00e3o foi confirmada pela Secretaria no boletim epidemiol\u00f3gico dessa ter\u00e7a-feira, 27.<\/p>\n<p>O subsecret\u00e1rio de Vigil\u00e2ncia e Prote\u00e7\u00e3o da Secretaria \u00e0 Sa\u00fade, Rodrigo Said, salientou que segundo a literatura m\u00e9dica, a vacina possui efic\u00e1cia de 95% a 98%. \u201cEm um universo de quase 90% de cobertura vacinal no Estado, 18 milh\u00f5es de pessoas vacinadas em Minas Gerais, a gente mostra que a efetividade da vacina \u00e9 superior a que consta na literatura\u201d, afirmou.<\/p>\n<p>Ou seja, se calcul\u00e1ramos a porcentagem desses onze casos entre 18 milh\u00f5es de pessoas vacinadas, esse valor seria inferior a m\u00e9dia registrada da efic\u00e1cia da vacina. \u201cA vacina \u00e9 segura, tem uma grande efetividade e \u00e9 a principal medida de recomenda\u00e7\u00e3o. Ainda n\u00e3o h\u00e1 nenhuma altera\u00e7\u00e3o na recomenda\u00e7\u00e3o, mant\u00e9m as recomenda\u00e7\u00f5es do Minist\u00e9rio da Sa\u00fade e da Organiza\u00e7\u00e3o Mundial da Sa\u00fade (OMS) de somente uma dose ao longo da vida\u201d, acrescentou.<\/p>\n<p>Em rela\u00e7\u00e3o ao perfil dos pacientes, o subsecret\u00e1rio afirmou que s\u00e3o pessoas com idades que variam entre 7 e 47 anos, ambos os sexos e que todos receberam uma dose da vacina de febre amarela com mediana de 5 anos de idade, variando entre 9 meses a 44 anos.<\/p>\n<p>Ele tamb\u00e9m disse que a investiga\u00e7\u00e3o confirmou que n\u00e3o s\u00e3o casos que poderiam ser classificados como erros vacinais. \u201cA apura\u00e7\u00e3o pontuou que [as vacinas] eram de lotes e tiveram os processos de armazenamentos diferentes e, al\u00e9m disso, eram moradores de munic\u00edpios distintos.<\/p>\n<p>Portanto, os casos podem est\u00e1 diretamente relacionado \u00e0 resposta individual dos pacientes e que por isso, as investiga\u00e7\u00f5es continuam\u201d, ressaltou Said. Ele n\u00e3o confirmou se um dos casos \u00e9 de algum paciente oriundo da Zona da Mata.<\/p>\n<p>Outra informa\u00e7\u00e3o publicada no levantamento \u00e9 o trabalho desenvolvido pela pasta em parceria com a Funda\u00e7\u00e3o Oswaldo Cruz (Fiocruz) que visa coletar e analisar os vetores respons\u00e1veis pela transmiss\u00e3o da febre amarela colhidos nas \u00e1reas com circula\u00e7\u00e3o do v\u00edrus da doen\u00e7a. \u201cForam colhidos as esp\u00e9cies de mosquito haemagogus e sabethes, respons\u00e1veis pela transmiss\u00e3o no ciclo silvestre, e o aedes aegypt, no ciclo urbano. O resultado deu positivo para tr\u00eas esp\u00e9cies do tipo haemagogus, o que confirma a nossa fala que h\u00e1 apenas a ocorr\u00eancia do ciclo silvestre\u201d, explicou Said.<br \/>Conforme detalhou a nota da SES-MG, as coletas foram realizadas nos munic\u00edpios de Juiz de Fora e Belmiro Braga entre os dias 23 e 29 de janeiro.<\/p>\n<p>Foi feita a coleta de 202 exemplares de mosquitos com potencial para a transmiss\u00e3o da febre amarela no munic\u00edpio de Juiz de Fora e 261 exemplares em Belmiro Braga e foram identificados esp\u00e9cies do ciclo silvestre da doen\u00e7a em ambas as cidades, com predomin\u00e2ncia de Haemagogus janthinomys, Haemagogus leucocelaenus e Psorophora ferox.<\/p>\n<p>\u201cA verifica\u00e7\u00e3o da presen\u00e7a de exemplares de Haemagogus janthinomys positivos para o v\u00edrus da febre amarela em Juiz de Fora, indica que o munic\u00edpio apresenta apenas o ciclo de transmiss\u00e3o silvestre da doen\u00e7a, ainda que os casos tenham sido registrados na \u00e1rea delimitada como \u2018urbana\u2019.<\/p>\n<p>Al\u00e9m disso, esse achado evidencia o risco de transmiss\u00e3o dentro do munic\u00edpio, mostrando a import\u00e2ncia da realiza\u00e7\u00e3o das medidas de preven\u00e7\u00e3o e controle da febre amarela\u201d, destacou a nota. \u201cPara outras amostras coletadas, a positividade para o v\u00edrus da febre amarela ainda est\u00e1 em fase de processamento\u201d, acrescentou.<\/p>\n<p>Al\u00e9m das duas cidades, a coleta foi realizada em outros dezesseis munic\u00edpios, incluindo Belo Horizonte, Muria\u00e9 e Ub\u00e1, por\u00e9m os resultados ainda n\u00e3o foram disponibilizados. Said afirmou que o monitoramento ir\u00e1 continuar para que seja acompanhada a circula\u00e7\u00e3o do v\u00edrus no Estado.<\/p>\n<h4>JUIZ DE FORA<\/h4>\n<p>O boletim pontua que foram confirmados 264 casos da doen\u00e7a em Minas Gerais, destes casos, 96 evolu\u00edram para \u00f3bito e outros 589 casos continuam em investiga\u00e7\u00e3o. Juiz de Fora possui 22 casos confirmados, sendo que cinco pacientes morreram e os demais seguem internados ou j\u00e1 receberam alta. \u201cN\u00f3s temos intensificado todos os trabalhos.<\/p>\n<p>A Secretaria de Estado, atrav\u00e9s de suas estruturas, tem feito um trabalho de acompanhamento junto com a secretaria municipal nos desenvolvimentos das atividades na cidade\u201d, disse Said. \u201cAl\u00e9m disso, houve a publica\u00e7\u00e3o de recursos financeiros para apoiar o munic\u00edpio no desenvolvimento dessas a\u00e7\u00f5es e tamb\u00e9m temos apoiado toda a organiza\u00e7\u00e3o da rede assistencial para o atendimento desses pacientes que residem em Juiz de Fora ou em outras cidades, mas que tem o munic\u00edpio como local de refer\u00eancia\u201d, completou.<\/p>\n<p>As atividades foram de bloqueio com inseticida com equipamentos de ultra baixo volume (UBV), em tr\u00eas ciclos; a\u00e7\u00f5es de Educa\u00e7\u00e3o em Sa\u00fade, com orienta\u00e7\u00e3o \u00e0 popula\u00e7\u00e3o sobre formas de preven\u00e7\u00e3o e combate aos vetores, vacina\u00e7\u00e3o e uso de repelente; intensifica\u00e7\u00e3o da vacina\u00e7\u00e3o por meio de visita domiciliar; e estrat\u00e9gias de intensifica\u00e7\u00e3o do controle vetorial em \u00e1reas urbanizadas, com trabalho dos agentes de controle de endemias.<\/p>\n<h4>MUTA\u00c7\u00c3O NO V\u00cdRUS<\/h4>\n<p>Em rela\u00e7\u00e3o \u00e0s mensagens que t\u00eam circulado nas redes sociais sobre muta\u00e7\u00f5es no v\u00edrus da febre amarela, a Fiocruz esclareceu em comunicado que o Instituto Oswaldo Cruz (IOC\/Fiocruz) realizou um estudo para acompanhar poss\u00edveis mudan\u00e7as gen\u00e9ticas no v\u00edrus da doen\u00e7a em circula\u00e7\u00e3o no pa\u00eds.<\/p>\n<p>\u201cForam identificados muta\u00e7\u00f5es no v\u00edrus e esses resultados foram publicados em 2017. Conforme divulgado textualmente na pr\u00f3pria comunica\u00e7\u00e3o original efetuada pela Fiocruz no mesmo ano, n\u00e3o h\u00e1 qualquer impacto destas muta\u00e7\u00f5es para a efic\u00e1cia da vacina\u201d, finalizou a nota.<\/p>\n<p>&nbsp;<\/p>\n","protected":false},"excerpt":{"rendered":"<p>Secretaria de Estado de Sa\u00fade de Minas Gerais (SES-MG) investiga os onze casos de pacientes que foram diagnosticados com febre amarela, mas j\u00e1 tinham tomando a vacina em anos anteriores. A informa\u00e7\u00e3o foi confirmada pela Secretaria no boletim epidemiol\u00f3gico dessa ter\u00e7a-feira, 27. O subsecret\u00e1rio de Vigil\u00e2ncia e Prote\u00e7\u00e3o da Secretaria \u00e0 Sa\u00fade, Rodrigo Said, salientou [&hellip;]<\/p>\n","protected":false},"author":96,"featured_media":92794,"comment_status":"closed","ping_status":"closed","sticky":false,"template":"","format":"standard","meta":{"footnotes":""},"categories":[253],"tags":[],"class_list":["post-92795","post","type-post","status-publish","format-standard","has-post-thumbnail","hentry","category-cidade"],"_links":{"self":[{"href":"https:\/\/diarioregionaldigital.com.br\/index.php?rest_route=\/wp\/v2\/posts\/92795","targetHints":{"allow":["GET"]}}],"collection":[{"href":"https:\/\/diarioregionaldigital.com.br\/index.php?rest_route=\/wp\/v2\/posts"}],"about":[{"href":"https:\/\/diarioregionaldigital.com.br\/index.php?rest_route=\/wp\/v2\/types\/post"}],"author":[{"embeddable":true,"href":"https:\/\/diarioregionaldigital.com.br\/index.php?rest_route=\/wp\/v2\/users\/96"}],"replies":[{"embeddable":true,"href":"https:\/\/diarioregionaldigital.com.br\/index.php?rest_route=%2Fwp%2Fv2%2Fcomments&post=92795"}],"version-history":[{"count":0,"href":"https:\/\/diarioregionaldigital.com.br\/index.php?rest_route=\/wp\/v2\/posts\/92795\/revisions"}],"wp:featuredmedia":[{"embeddable":true,"href":"https:\/\/diarioregionaldigital.com.br\/index.php?rest_route=\/wp\/v2\/media\/92794"}],"wp:attachment":[{"href":"https:\/\/diarioregionaldigital.com.br\/index.php?rest_route=%2Fwp%2Fv2%2Fmedia&parent=92795"}],"wp:term":[{"taxonomy":"category","embeddable":true,"href":"https:\/\/diarioregionaldigital.com.br\/index.php?rest_route=%2Fwp%2Fv2%2Fcategories&post=92795"},{"taxonomy":"post_tag","embeddable":true,"href":"https:\/\/diarioregionaldigital.com.br\/index.php?rest_route=%2Fwp%2Fv2%2Ftags&post=92795"}],"curies":[{"name":"wp","href":"https:\/\/api.w.org\/{rel}","templated":true}]}}