{"id":92793,"date":"2018-02-27T22:59:33","date_gmt":"2018-02-28T01:59:33","guid":{"rendered":"http:\/\/diarioregionaljf.com.br\/2018\/02\/27\/defesa-civil-registrou-10-ocorrencias-nas-ultimas-24h-em-juiz-de-fora\/"},"modified":"2018-02-27T22:59:33","modified_gmt":"2018-02-28T01:59:33","slug":"defesa-civil-registrou-10-ocorrencias-nas-ultimas-24h-em-juiz-de-fora","status":"publish","type":"post","link":"https:\/\/diarioregionaldigital.com.br\/?p=92793","title":{"rendered":"Defesa Civil registrou 10 ocorr\u00eancias nas \u00faltimas 24h em Juiz de Fora"},"content":{"rendered":"<p>Por conta das fortes chuvas que atingiram a cidade, a Defesa Civil registrou 10 ocorr\u00eancias nas \u00faltimas 24 horas. Segundo o balan\u00e7o divulgado pela pasta na tarde dessa ter\u00e7a-feira, 27, foram atendidos dois chamados em cada uma das regi\u00f5es seguintes: Leste, Oeste, Norte, Sudeste e Centro. Na Rua Virgulino Jo\u00e3o da Silva, no bairro S\u00e3o Pedro, zona Oeste, houve um destelhamento total. A cobertura de uma casa se soltou e atingiu outra resid\u00eancia, cujo telhado quebrou e uma parede foi danificada. As duas pessoas que moram na casa atingida foram abrigadas na resid\u00eancia de parentes. Um dos vizinhos da fam\u00edlia se comprometeu a realizar os reparos na estrutura, tendo iniciado ainda nessa ter\u00e7a-feira.<\/p>\n<p>J\u00e1 na Rua Batista de Oliveira, no Centro, o \u00f3rg\u00e3o foi convocado para vistoriar um desabamento parcial de edifica\u00e7\u00e3o. Trata-se de uma parede de fechamento do telhado do pr\u00e9dio vizinho que caiu em cima da cobertura do estacionamento ao lado, atingindo dois ve\u00edculos. De acordo com a assessoria da pasta, n\u00e3o existe risco estrutural, apenas danos materiais.<\/p>\n<p>As outras solicita\u00e7\u00f5es est\u00e3o relacionadas \u00e0 queda de um galho, amea\u00e7as de queda de \u00e1rvore, desabamento de muro de divisa, desabamento de muro de conten\u00e7\u00e3o, um alagamento, uma trinca em parede e duas amea\u00e7as de escorregamento de talude. Conformes as informa\u00e7\u00f5es da Defesa Civil, n\u00e3o h\u00e1 feridos e os engenheiros est\u00e3o em campo fazendo as avalia\u00e7\u00f5es necess\u00e1rias.<\/p>\n<p>O \u00edndice pluviom\u00e9trico em algumas regi\u00f5es foi bem alto nas \u00faltimas 24 horas. A m\u00e9dia registrada foi de 30,31 mm de chuva, sendo que, no bairro Nova Era, o pluvi\u00f4metro registrou 64,7 mm, na Represa Jo\u00e3o Penido, 59,09 mm e no Ponte Preta, 38,79 mm. O n\u00edvel do Rio Paraibuna subiu quase um metro da noite de segunda, 26, at\u00e9 o fim da tarde desta ter\u00e7a-feira, saindo de 1,48 m, chegando a 2,40 metros.<\/p>\n<p>CHUVAS DEVEM CONTINUAR AT\u00c9 S\u00c1BADO<\/p>\n<p>A chuva que cai em Juiz de Fora deve continuar at\u00e9 o pr\u00f3ximo s\u00e1bado, 3. Segundo o Instituto Nacional de Meteorologia (Inmet), o acumulado de chuvas desde segunda \u00e9 de 25 mm. Nesta quarta-feira, 28, o c\u00e9u deve amanhecer com algumas nuvens, e podem ocorrer pancadas de chuvas e trovoadas isoladas. A temperatura m\u00ednima deve oscilar entre 16\u00b0 e 31. J\u00e1 a m\u00e1xima deve variar entre 19\u00b0 e 27\u00b0.<\/p>\n<p>Conforme o Inmet, uma massa de ar \u00famida que se deslocou da Amaz\u00f4nia em dire\u00e7\u00e3o \u00e0 regi\u00e3o \u00e9 a respons\u00e1vel pelo tempo inst\u00e1vel. Nesta ter\u00e7a, os term\u00f4metros ficaram entre 17\u00b0 e 25\u00ba.<\/p>\n","protected":false},"excerpt":{"rendered":"<p>Por conta das fortes chuvas que atingiram a cidade, a Defesa Civil registrou 10 ocorr\u00eancias nas \u00faltimas 24 horas. Segundo o balan\u00e7o divulgado pela pasta na tarde dessa ter\u00e7a-feira, 27, foram atendidos dois chamados em cada uma das regi\u00f5es seguintes: Leste, Oeste, Norte, Sudeste e Centro. Na Rua Virgulino Jo\u00e3o da Silva, no bairro S\u00e3o [&hellip;]<\/p>\n","protected":false},"author":96,"featured_media":0,"comment_status":"closed","ping_status":"closed","sticky":false,"template":"","format":"standard","meta":{"footnotes":""},"categories":[253],"tags":[],"class_list":["post-92793","post","type-post","status-publish","format-standard","hentry","category-cidade"],"_links":{"self":[{"href":"https:\/\/diarioregionaldigital.com.br\/index.php?rest_route=\/wp\/v2\/posts\/92793","targetHints":{"allow":["GET"]}}],"collection":[{"href":"https:\/\/diarioregionaldigital.com.br\/index.php?rest_route=\/wp\/v2\/posts"}],"about":[{"href":"https:\/\/diarioregionaldigital.com.br\/index.php?rest_route=\/wp\/v2\/types\/post"}],"author":[{"embeddable":true,"href":"https:\/\/diarioregionaldigital.com.br\/index.php?rest_route=\/wp\/v2\/users\/96"}],"replies":[{"embeddable":true,"href":"https:\/\/diarioregionaldigital.com.br\/index.php?rest_route=%2Fwp%2Fv2%2Fcomments&post=92793"}],"version-history":[{"count":0,"href":"https:\/\/diarioregionaldigital.com.br\/index.php?rest_route=\/wp\/v2\/posts\/92793\/revisions"}],"wp:attachment":[{"href":"https:\/\/diarioregionaldigital.com.br\/index.php?rest_route=%2Fwp%2Fv2%2Fmedia&parent=92793"}],"wp:term":[{"taxonomy":"category","embeddable":true,"href":"https:\/\/diarioregionaldigital.com.br\/index.php?rest_route=%2Fwp%2Fv2%2Fcategories&post=92793"},{"taxonomy":"post_tag","embeddable":true,"href":"https:\/\/diarioregionaldigital.com.br\/index.php?rest_route=%2Fwp%2Fv2%2Ftags&post=92793"}],"curies":[{"name":"wp","href":"https:\/\/api.w.org\/{rel}","templated":true}]}}