{"id":92789,"date":"2018-02-27T22:26:29","date_gmt":"2018-02-28T01:26:29","guid":{"rendered":"http:\/\/diarioregionaljf.com.br\/2018\/02\/27\/barroso-prorroga-investigacao-sobre-decreto-dos-portos-no-supremo\/"},"modified":"2018-02-27T22:26:29","modified_gmt":"2018-02-28T01:26:29","slug":"barroso-prorroga-investigacao-sobre-decreto-dos-portos-no-supremo","status":"publish","type":"post","link":"https:\/\/diarioregionaldigital.com.br\/?p=92789","title":{"rendered":"Barroso prorroga investiga\u00e7\u00e3o sobre Decreto dos Portos no Supremo"},"content":{"rendered":"<p>O ministro do Supremo Tribunal Federal (STF) Lu\u00eds Roberto Barroso decidiu hoje, 27, prorrogar por mais 60 dias o inqu\u00e9rito aberto pela Corte para investigar o suposto favorecimento da empresa Rodrimar S\/A por meio da edi\u00e7\u00e3o do chamado Decreto dos Portos (Decreto 9.048\/2017), assinado pelo presidente Michel Temer em maio do ano passado.<\/p>\n<p>Na a\u00e7\u00e3o, al\u00e9m do presidente Michel Temer, s\u00e3o investigados no mesmo inqu\u00e9rito o ex-deputado Rodrigo Rocha Loures e os empres\u00e1rios Ant\u00f4nio Celso Grecco e Ricardo Mesquita, donos da Rodrimar, empresa que atua no Porto de Santos.<\/p>\n<p>Em janeiro, ao responder por escrito aos questionamentos dos delegados respons\u00e1veis pelo caso, a defesa do presidente Temer declarou que ele nunca foi procurado por empres\u00e1rios do setor portu\u00e1rio para tratar da edi\u00e7\u00e3o do decreto. Sobre o ex-deputado Rocha Loures, um dos investigados no inqu\u00e9rito, Temer disse que nunca o autorizou a fazer tratativas em seu nome. &#8220;Pe\u00e7o v\u00eania para real\u00e7ar a impertin\u00eancia de tal quest\u00e3o, por colocar em d\u00favida a minha honorabilidade e dignidade pessoal&#8221;, escreveu.<\/p>\n<h4>Segovia<\/h4>\n<p>Roberto Barroso tamb\u00e9m se manifestou sobre o pedido feito ontem, 26, pela procuradora-geral da Rep\u00fablica, Raquel Dodge, para que fosse concedida uma medida judicial para que o diretor-geral da Pol\u00edcia Federal (PF), Fernando Segovia, se abstenha de \u201cqualquer ato de inger\u00eancia sobre a persecu\u00e7\u00e3o penal em curso\u201d.<\/p>\n<p>A manifesta\u00e7\u00e3o da procuradora foi motivada por um pedido de parecer feito pelo ministro e ocorreu duas semanas ap\u00f3s uma entrevista na qual Segovia disse que, no inqu\u00e9rito em que o presidente Michel Temer e outros acusados s\u00e3o investigados pela PF, com autoriza\u00e7\u00e3o do ministro Barroso, os &#8220;ind\u00edcios s\u00e3o muito fr\u00e1geis&#8221; e sugeriu que o inqu\u00e9rito &#8220;pode at\u00e9 concluir que n\u00e3o houve crime&#8221;.<\/p>\n<p>Ao decidir a quest\u00e3o, o ministro afirmou que o diretor-geral j\u00e1 informou que n\u00e3o far\u00e1 mais coment\u00e1rios sobre a investiga\u00e7\u00e3o.<\/p>\n<p>\u201cJ\u00e1 manifestou ele, por escrito nos autos, e oralmente perante este relator, o compromisso de n\u00e3o interferir em qualquer medida no inqu\u00e9rito em curso. Considero-o, portanto, devidamente ciente de que deve se abster de qualquer pronunciamento a respeito\u201d, decidiu o ministro.<\/p>\n<hr \/>\n<p>&nbsp;Fonte: Ag\u00eancia Brasil<\/p>\n","protected":false},"excerpt":{"rendered":"<p>O ministro do Supremo Tribunal Federal (STF) Lu\u00eds Roberto Barroso decidiu hoje, 27, prorrogar por mais 60 dias o inqu\u00e9rito aberto pela Corte para investigar o suposto favorecimento da empresa Rodrimar S\/A por meio da edi\u00e7\u00e3o do chamado Decreto dos Portos (Decreto 9.048\/2017), assinado pelo presidente Michel Temer em maio do ano passado. Na a\u00e7\u00e3o, [&hellip;]<\/p>\n","protected":false},"author":96,"featured_media":92788,"comment_status":"closed","ping_status":"closed","sticky":false,"template":"","format":"standard","meta":{"footnotes":""},"categories":[254],"tags":[],"class_list":["post-92789","post","type-post","status-publish","format-standard","has-post-thumbnail","hentry","category-politica"],"_links":{"self":[{"href":"https:\/\/diarioregionaldigital.com.br\/index.php?rest_route=\/wp\/v2\/posts\/92789","targetHints":{"allow":["GET"]}}],"collection":[{"href":"https:\/\/diarioregionaldigital.com.br\/index.php?rest_route=\/wp\/v2\/posts"}],"about":[{"href":"https:\/\/diarioregionaldigital.com.br\/index.php?rest_route=\/wp\/v2\/types\/post"}],"author":[{"embeddable":true,"href":"https:\/\/diarioregionaldigital.com.br\/index.php?rest_route=\/wp\/v2\/users\/96"}],"replies":[{"embeddable":true,"href":"https:\/\/diarioregionaldigital.com.br\/index.php?rest_route=%2Fwp%2Fv2%2Fcomments&post=92789"}],"version-history":[{"count":0,"href":"https:\/\/diarioregionaldigital.com.br\/index.php?rest_route=\/wp\/v2\/posts\/92789\/revisions"}],"wp:featuredmedia":[{"embeddable":true,"href":"https:\/\/diarioregionaldigital.com.br\/index.php?rest_route=\/wp\/v2\/media\/92788"}],"wp:attachment":[{"href":"https:\/\/diarioregionaldigital.com.br\/index.php?rest_route=%2Fwp%2Fv2%2Fmedia&parent=92789"}],"wp:term":[{"taxonomy":"category","embeddable":true,"href":"https:\/\/diarioregionaldigital.com.br\/index.php?rest_route=%2Fwp%2Fv2%2Fcategories&post=92789"},{"taxonomy":"post_tag","embeddable":true,"href":"https:\/\/diarioregionaldigital.com.br\/index.php?rest_route=%2Fwp%2Fv2%2Ftags&post=92789"}],"curies":[{"name":"wp","href":"https:\/\/api.w.org\/{rel}","templated":true}]}}