{"id":92787,"date":"2018-02-27T22:25:06","date_gmt":"2018-02-28T01:25:06","guid":{"rendered":"http:\/\/diarioregionaljf.com.br\/2018\/02\/27\/ministro-troca-comando-da-pf-segovia-e-substituido-por-rogerio-galloro\/"},"modified":"2018-02-27T22:25:06","modified_gmt":"2018-02-28T01:25:06","slug":"ministro-troca-comando-da-pf-segovia-e-substituido-por-rogerio-galloro","status":"publish","type":"post","link":"https:\/\/diarioregionaldigital.com.br\/?p=92787","title":{"rendered":"Ministro troca comando da PF; Segovia \u00e9 substitu\u00eddo por Rog\u00e9rio Galloro"},"content":{"rendered":"<p>Em seu primeiro dia \u00e0 frente do novo Minist\u00e9rio Extraordin\u00e1rio da Seguran\u00e7a P\u00fablica, o ministro Raul Jungmann decidiu mexer no comando da Pol\u00edcia Federal, substituindo Fernando Segovia por Rog\u00e9rio Galloro no cargo de diretor-geral da corpora\u00e7\u00e3o. Ex-diretor executivo da PF, Galloro \u00e9 o atual secret\u00e1rio nacional de Seguran\u00e7a P\u00fablica.<\/p>\n<p>Antes mesmo de sua posse como ministro da Seguran\u00e7a P\u00fablica, ocorrida no final da manh\u00e3 de hoje (27), Jungmann conversou sobre o assunto com Michel Temer. Na conversa, o ministro manifestou o desejo de fazer a troca no comando da PF e obteve a aprova\u00e7\u00e3o do presidente.<\/p>\n<p>Desde o in\u00edcio do m\u00eas, quando concedeu uma entrevista a Ag\u00eancia Reuters afirmando que, no inqu\u00e9rito em que Temer e outros acusados s\u00e3o investigados pela PF, os &#8220;ind\u00edcios s\u00e3o muito fr\u00e1geis&#8221;, sugerindo que o inqu\u00e9rito &#8220;poderia at\u00e9 concluir que n\u00e3o houve crime&#8221;, Segovia vinha sofrendo cr\u00edticas e sendo alvo de questionamentos.<\/p>\n<p>Ontem, a procuradora-geral da Rep\u00fablica, Raquel Dodge, pediu ao ministro do Supremo Tribunal Federal (STF) Lu\u00eds Roberto Barroso uma medida judicial para que Segovia se abstivesse de \u201cqualquer ato de inger\u00eancia sobre a persecu\u00e7\u00e3o penal em curso\u201d.<\/p>\n<p>Na semana passada, Fernando Segovia disse ao ministro Barroso, que conduz o inqu\u00e9rito sobre Temer no STF, que n\u00e3o pretendeu \u201cinterferir, antecipar conclus\u00f5es ou induzir o arquivamento\u201d do inqu\u00e9rito sobre o presidente Michel Temer.<\/p>\n<p>Ao ministro, Segovia ressaltou que suas declara\u00e7\u00f5es foram &#8220;distorcidas e mal interpretadas\u201d, que n\u00e3o teve inten\u00e7\u00e3o de amea\u00e7ar com san\u00e7\u00f5es o delegado respons\u00e1vel pelo caso e tamb\u00e9m se comprometeu a n\u00e3o dar mais declara\u00e7\u00f5es sobre a investiga\u00e7\u00e3o.<\/p>\n<hr \/>\n<p>&nbsp;Fonte: Ag\u00eancia Brasil<\/p>\n","protected":false},"excerpt":{"rendered":"<p>Em seu primeiro dia \u00e0 frente do novo Minist\u00e9rio Extraordin\u00e1rio da Seguran\u00e7a P\u00fablica, o ministro Raul Jungmann decidiu mexer no comando da Pol\u00edcia Federal, substituindo Fernando Segovia por Rog\u00e9rio Galloro no cargo de diretor-geral da corpora\u00e7\u00e3o. Ex-diretor executivo da PF, Galloro \u00e9 o atual secret\u00e1rio nacional de Seguran\u00e7a P\u00fablica. Antes mesmo de sua posse como [&hellip;]<\/p>\n","protected":false},"author":96,"featured_media":92786,"comment_status":"closed","ping_status":"closed","sticky":false,"template":"","format":"standard","meta":{"footnotes":""},"categories":[254],"tags":[],"class_list":["post-92787","post","type-post","status-publish","format-standard","has-post-thumbnail","hentry","category-politica"],"_links":{"self":[{"href":"https:\/\/diarioregionaldigital.com.br\/index.php?rest_route=\/wp\/v2\/posts\/92787","targetHints":{"allow":["GET"]}}],"collection":[{"href":"https:\/\/diarioregionaldigital.com.br\/index.php?rest_route=\/wp\/v2\/posts"}],"about":[{"href":"https:\/\/diarioregionaldigital.com.br\/index.php?rest_route=\/wp\/v2\/types\/post"}],"author":[{"embeddable":true,"href":"https:\/\/diarioregionaldigital.com.br\/index.php?rest_route=\/wp\/v2\/users\/96"}],"replies":[{"embeddable":true,"href":"https:\/\/diarioregionaldigital.com.br\/index.php?rest_route=%2Fwp%2Fv2%2Fcomments&post=92787"}],"version-history":[{"count":0,"href":"https:\/\/diarioregionaldigital.com.br\/index.php?rest_route=\/wp\/v2\/posts\/92787\/revisions"}],"wp:featuredmedia":[{"embeddable":true,"href":"https:\/\/diarioregionaldigital.com.br\/index.php?rest_route=\/wp\/v2\/media\/92786"}],"wp:attachment":[{"href":"https:\/\/diarioregionaldigital.com.br\/index.php?rest_route=%2Fwp%2Fv2%2Fmedia&parent=92787"}],"wp:term":[{"taxonomy":"category","embeddable":true,"href":"https:\/\/diarioregionaldigital.com.br\/index.php?rest_route=%2Fwp%2Fv2%2Fcategories&post=92787"},{"taxonomy":"post_tag","embeddable":true,"href":"https:\/\/diarioregionaldigital.com.br\/index.php?rest_route=%2Fwp%2Fv2%2Ftags&post=92787"}],"curies":[{"name":"wp","href":"https:\/\/api.w.org\/{rel}","templated":true}]}}