{"id":92785,"date":"2018-02-27T22:22:58","date_gmt":"2018-02-28T01:22:58","guid":{"rendered":"http:\/\/diarioregionaljf.com.br\/2018\/02\/27\/temer-vai-reunir-governadores-e-jungmann-para-tratar-de-seguranca-em-todo-pais\/"},"modified":"2018-02-27T22:22:58","modified_gmt":"2018-02-28T01:22:58","slug":"temer-vai-reunir-governadores-e-jungmann-para-tratar-de-seguranca-em-todo-pais","status":"publish","type":"post","link":"https:\/\/diarioregionaldigital.com.br\/?p=92785","title":{"rendered":"Temer vai reunir governadores e Jungmann para tratar de seguran\u00e7a em todo pa\u00eds"},"content":{"rendered":"<p>O presidente Michel Temer convocou governadores de todos os estados e ministros para uma reuni\u00e3o na pr\u00f3xima quinta-feira, 1\u00b0, com o objetivo de discutir quest\u00f5es de seguran\u00e7a p\u00fablica. Raul Jungmann, rec\u00e9m-empossado no Minist\u00e9rio Extraordin\u00e1rio da Seguran\u00e7a P\u00fablica, vai participar do encontro.<\/p>\n<p>Temer concedeu entrevista a jornalistas ap\u00f3s a cerim\u00f4nia de posse de Jugmann e, ao ser questionado se outros estados podem sofrer interven\u00e7\u00e3o federal na \u00e1rea de seguran\u00e7a p\u00fablica, a exemplo do Rio de Janeiro, respondeu que essa \u00e9 uma quest\u00e3o a ser tratada pelo Minist\u00e9rio Extraordin\u00e1rio da Seguran\u00e7a P\u00fablica.<\/p>\n<p>\u201cO minist\u00e9rio \u00e9 que vai cuidar dessas quest\u00f5es. Convidei governadores de estado para, juntamente com Raul Jungmann, fazermos uma reuni\u00e3o. Vamos come\u00e7ar tratar dessas quest\u00f5es dos Estados a\u00ed, pontualmente, vamos verificando caso a caso\u201d, respondeu.<\/p>\n<p>Durante discurso na cerim\u00f4nia de posse, Temer disse que o aux\u00edlio do governo federal na \u00e1rea de seguran\u00e7a p\u00fablica n\u00e3o deve ficar restrito ao Rio de Janeiro, uma vez que o aux\u00edlio da Uni\u00e3o \u00e9 solicitado pro v\u00e1rios estados. \u201cDisse eu, no Rio de Janeiro, logo ap\u00f3s a interven\u00e7\u00e3o: n\u00e3o vamos ficar apenas no Rio de Janeiro. A seguran\u00e7a p\u00fablica hoje \u00e9 algo solicitado em todo o pa\u00eds\u201d, disse.<\/p>\n<h4>Opera\u00e7\u00e3o Lava Jato<\/h4>\n<p>Na entrevista aos jornalistas, Temer disse que n\u00e3o haver\u00e1 qualquer tipo de interrup\u00e7\u00e3o na Opera\u00e7\u00e3o Lava Jato com a transfer\u00eancia do Departamento de Pol\u00edcia Federal do Minist\u00e9rio da Justi\u00e7a para a nova pasta da Seguran\u00e7a P\u00fablica.<\/p>\n<p>\u201cIsso a\u00ed tem sido tranquilamente levado adiante. N\u00e3o h\u00e1 um movimento sequer com vistas \u00e0 interrup\u00e7\u00e3o. Ali\u00e1s, vamos registrar o fato: seguran\u00e7a p\u00fablica \u00e9 combater a criminalidade. Que tipo de criminalidade? Aquela digamos mais evidenciada como tr\u00e1fico de drogas, bandidagem em geral, e, evidentemente, a corrup\u00e7\u00e3o. Essa \u00e9 a fun\u00e7\u00e3o do Minist\u00e9rio Extraordin\u00e1rio da Seguran\u00e7a P\u00fablica\u201d, disse.<\/p>\n<hr \/>\n<p>&nbsp;Fonte: Ag\u00eancia Brasil<\/p>\n","protected":false},"excerpt":{"rendered":"<p>O presidente Michel Temer convocou governadores de todos os estados e ministros para uma reuni\u00e3o na pr\u00f3xima quinta-feira, 1\u00b0, com o objetivo de discutir quest\u00f5es de seguran\u00e7a p\u00fablica. Raul Jungmann, rec\u00e9m-empossado no Minist\u00e9rio Extraordin\u00e1rio da Seguran\u00e7a P\u00fablica, vai participar do encontro. Temer concedeu entrevista a jornalistas ap\u00f3s a cerim\u00f4nia de posse de Jugmann e, ao [&hellip;]<\/p>\n","protected":false},"author":96,"featured_media":92784,"comment_status":"closed","ping_status":"closed","sticky":false,"template":"","format":"standard","meta":{"footnotes":""},"categories":[254],"tags":[],"class_list":["post-92785","post","type-post","status-publish","format-standard","has-post-thumbnail","hentry","category-politica"],"_links":{"self":[{"href":"https:\/\/diarioregionaldigital.com.br\/index.php?rest_route=\/wp\/v2\/posts\/92785","targetHints":{"allow":["GET"]}}],"collection":[{"href":"https:\/\/diarioregionaldigital.com.br\/index.php?rest_route=\/wp\/v2\/posts"}],"about":[{"href":"https:\/\/diarioregionaldigital.com.br\/index.php?rest_route=\/wp\/v2\/types\/post"}],"author":[{"embeddable":true,"href":"https:\/\/diarioregionaldigital.com.br\/index.php?rest_route=\/wp\/v2\/users\/96"}],"replies":[{"embeddable":true,"href":"https:\/\/diarioregionaldigital.com.br\/index.php?rest_route=%2Fwp%2Fv2%2Fcomments&post=92785"}],"version-history":[{"count":0,"href":"https:\/\/diarioregionaldigital.com.br\/index.php?rest_route=\/wp\/v2\/posts\/92785\/revisions"}],"wp:featuredmedia":[{"embeddable":true,"href":"https:\/\/diarioregionaldigital.com.br\/index.php?rest_route=\/wp\/v2\/media\/92784"}],"wp:attachment":[{"href":"https:\/\/diarioregionaldigital.com.br\/index.php?rest_route=%2Fwp%2Fv2%2Fmedia&parent=92785"}],"wp:term":[{"taxonomy":"category","embeddable":true,"href":"https:\/\/diarioregionaldigital.com.br\/index.php?rest_route=%2Fwp%2Fv2%2Fcategories&post=92785"},{"taxonomy":"post_tag","embeddable":true,"href":"https:\/\/diarioregionaldigital.com.br\/index.php?rest_route=%2Fwp%2Fv2%2Ftags&post=92785"}],"curies":[{"name":"wp","href":"https:\/\/api.w.org\/{rel}","templated":true}]}}