{"id":92779,"date":"2018-02-27T21:46:36","date_gmt":"2018-02-28T00:46:36","guid":{"rendered":"http:\/\/diarioregionaljf.com.br\/2018\/02\/27\/neymar-sofre-um-entorse-no-tornozelo-e-deve-ficar-dois-meses-fora-de-campo\/"},"modified":"2018-02-27T21:46:36","modified_gmt":"2018-02-28T00:46:36","slug":"neymar-sofre-um-entorse-no-tornozelo-e-deve-ficar-dois-meses-fora-de-campo","status":"publish","type":"post","link":"https:\/\/diarioregionaldigital.com.br\/?p=92779","title":{"rendered":"Neymar sofre um entorse no tornozelo e deve ficar dois  meses fora de campo"},"content":{"rendered":"<p>Neymar teve a entorse no seu tornozelo direito confirmada nesta segunda-feira, ap\u00f3s passar pelo ultrassom e pelo scanner. O problema, como informa o boletim m\u00e9dico publicado no site oficial do Paris Saint-Germain , \u00e9 que o camisa 10 tamb\u00e9m sofreu uma fissura no quinto metatarso do do p\u00e9 direito e deve ficar fora dos gramados durante um per\u00edodo maior do que o esperado.<\/p>\n<p>De acordo com o&nbsp;Globoesporte.com, o atacante passar\u00e1 por uma cirurgia e permanecer\u00e1 dois meses em recupera\u00e7\u00e3o. Dessa forma, ele voltaria a atuar apenas em maio, um m\u00eas antes da&nbsp;<a href=\"https:\/\/www.gazetaesportiva.com\/copa-do-mundo-2018\/\">Copa do Mundo<\/a>&nbsp;na R\u00fassia. A informa\u00e7\u00e3o confirma o desfalque do jogador no jogo de volta das oitavas de final da&nbsp; Liga dos Campe\u00f5es, contra o Real Madrid, na pr\u00f3xima ter\u00e7a-feira, 6.&nbsp;<\/p>\n<p>Os detalhes da opera\u00e7\u00e3o ainda n\u00e3o teriam sido definidos, mas a les\u00e3o se assemelha \u00e0 que tirou Gabriel Jesus dos gramados no in\u00edcio do ano passado, quando havia acabado de chegar ao Manchester City. Na ocasi\u00e3o, o camisa nove da Sele\u00e7\u00e3o Brasileira &nbsp;foi operado em 16 de fevereiro e teve seu retorno oficial apenas no dia 26 de abril.<\/p>\n<p>Caso o PSG avance no torneio continental, Neymar s\u00f3 retornaria a tempo de disputar o duelo de volta das semifinais, assim como as \u00faltimas tr\u00eas rodadas do&nbsp;<a href=\"https:\/\/www.gazetaesportiva.com\/campeonatos\/frances\/\">Campeonato Franc\u00eas<\/a>, cujo t\u00edtulo j\u00e1 est\u00e1 encaminhado ao time do Parque dos Pr\u00edncipes. O camisa 10 ainda perder\u00e1 os dois \u00faltimos amistosos do Brasil antes do Mundial, contra R\u00fassia e Alemanha, nos dias 23 e 27 de mar\u00e7o, respectivamente.<\/p>\n","protected":false},"excerpt":{"rendered":"<p>Neymar teve a entorse no seu tornozelo direito confirmada nesta segunda-feira, ap\u00f3s passar pelo ultrassom e pelo scanner. O problema, como informa o boletim m\u00e9dico publicado no site oficial do Paris Saint-Germain , \u00e9 que o camisa 10 tamb\u00e9m sofreu uma fissura no quinto metatarso do do p\u00e9 direito e deve ficar fora dos gramados [&hellip;]<\/p>\n","protected":false},"author":96,"featured_media":92778,"comment_status":"closed","ping_status":"closed","sticky":false,"template":"","format":"standard","meta":{"footnotes":""},"categories":[257],"tags":[],"class_list":["post-92779","post","type-post","status-publish","format-standard","has-post-thumbnail","hentry","category-esporte"],"_links":{"self":[{"href":"https:\/\/diarioregionaldigital.com.br\/index.php?rest_route=\/wp\/v2\/posts\/92779","targetHints":{"allow":["GET"]}}],"collection":[{"href":"https:\/\/diarioregionaldigital.com.br\/index.php?rest_route=\/wp\/v2\/posts"}],"about":[{"href":"https:\/\/diarioregionaldigital.com.br\/index.php?rest_route=\/wp\/v2\/types\/post"}],"author":[{"embeddable":true,"href":"https:\/\/diarioregionaldigital.com.br\/index.php?rest_route=\/wp\/v2\/users\/96"}],"replies":[{"embeddable":true,"href":"https:\/\/diarioregionaldigital.com.br\/index.php?rest_route=%2Fwp%2Fv2%2Fcomments&post=92779"}],"version-history":[{"count":0,"href":"https:\/\/diarioregionaldigital.com.br\/index.php?rest_route=\/wp\/v2\/posts\/92779\/revisions"}],"wp:featuredmedia":[{"embeddable":true,"href":"https:\/\/diarioregionaldigital.com.br\/index.php?rest_route=\/wp\/v2\/media\/92778"}],"wp:attachment":[{"href":"https:\/\/diarioregionaldigital.com.br\/index.php?rest_route=%2Fwp%2Fv2%2Fmedia&parent=92779"}],"wp:term":[{"taxonomy":"category","embeddable":true,"href":"https:\/\/diarioregionaldigital.com.br\/index.php?rest_route=%2Fwp%2Fv2%2Fcategories&post=92779"},{"taxonomy":"post_tag","embeddable":true,"href":"https:\/\/diarioregionaldigital.com.br\/index.php?rest_route=%2Fwp%2Fv2%2Ftags&post=92779"}],"curies":[{"name":"wp","href":"https:\/\/api.w.org\/{rel}","templated":true}]}}