{"id":92777,"date":"2018-02-27T21:44:18","date_gmt":"2018-02-28T00:44:18","guid":{"rendered":"http:\/\/diarioregionaljf.com.br\/2018\/02\/27\/stj-marca-para-a-proxima-quinta-feira-o-julgamento-de-recurso-contra-prisao-de-lula\/"},"modified":"2018-02-27T21:44:18","modified_gmt":"2018-02-28T00:44:18","slug":"stj-marca-para-a-proxima-quinta-feira-o-julgamento-de-recurso-contra-prisao-de-lula","status":"publish","type":"post","link":"https:\/\/diarioregionaldigital.com.br\/?p=92777","title":{"rendered":"STJ marca para a pr\u00f3xima quinta-feira o julgamento de recurso contra pris\u00e3o de Lula"},"content":{"rendered":"<p>O Superior Tribunal de Justi\u00e7a (STJ) marcou para esta quinta-feira, 1\u00ba, o julgamento de m\u00e9rito do recurso com o qual o ex-presidente Luiz In\u00e1cio Lula da Silva pretende evitar sua pris\u00e3o ap\u00f3s condena\u00e7\u00e3o na segunda inst\u00e2ncia da Justi\u00e7a. A data consta da mais recente atualiza\u00e7\u00e3o sobre o andamento do processo.<\/p>\n<p>Em janeiro, o vice-presidente do STJ, ministro Humberto Martins, que na ocasi\u00e3o era o respons\u00e1vel pelo plant\u00e3o judicial, negou um pedido de liminar (decis\u00e3o provis\u00f3ria) feito no mesmo recurso. Agora, o m\u00e9rito final da apela\u00e7\u00e3o, um habeas corpus preventivo, ser\u00e1 julgado pela Quinta Turma da Corte Superior, composta por cinco ministros.<\/p>\n<p>No habeas corpus, a defesa do ex-presidente busca impedir preventivamente a eventual execu\u00e7\u00e3o provis\u00f3ria da condena\u00e7\u00e3o, mesmo que um \u00faltimo recurso de Lula, um embargo de declara\u00e7\u00e3o, ainda esteja pendente de julgamento pelo Tribunal Regional Federal da 4\u00aa Regi\u00e3o (TRF4), sediado em Porto Alegre.<\/p>\n<p>No m\u00eas passado, o TRF4 confirmou a condena\u00e7\u00e3o imposta a Lula pelo juiz federal S\u00e9rgio Moro na a\u00e7\u00e3o penal envolvendo o tr\u00edplex no Guaruj\u00e1 (SP), aumentando a pena do ex-presidente para 12 anos e um m\u00eas de pris\u00e3o. A possibilidade de pris\u00e3o para execu\u00e7\u00e3o provis\u00f3ria da condena\u00e7\u00e3o do ex-presidente ocorre em fun\u00e7\u00e3o do atual entendimento do Supremo Tribunal Federal (STF), estabelecido em 2016, que valida a pris\u00e3o de condenados pela segunda inst\u00e2ncia da Justi\u00e7a, mesmo ainda cabendo recursos a tribunais superiores.<\/p>\n<p>No habeas corpus preventivo protocolado no STJ, a defesa de Lula alega que o entendimento do STF sobre a pris\u00e3o ap\u00f3s a segunda inst\u00e2ncia n\u00e3o \u00e9 vinculante, ou seja, de aplica\u00e7\u00e3o obrigat\u00f3ria.<\/p>\n<p>O tema tem sido alvo de controv\u00e9rsia no STF, com a maior parte dos ministros pressionando a presidente da Corte, ministra C\u00e1rmen L\u00facia, para que paute para julgamento em plen\u00e1rio duas a\u00e7\u00f5es da Ordem dos Advogados do Brasil (OAB) que tratam do assunto.<\/p>\n<p>O cen\u00e1rio atual na Corte \u00e9 de impasse sobre a quest\u00e3o. Os ministros Gilmar Mendes, Dias Toffoli, Rosa Weber, Ricardo Lewandowski e Celso de Mello s\u00e3o contra a execu\u00e7\u00e3o imediata ou entendem que a pris\u00e3o poderia ocorrer ap\u00f3s decis\u00e3o do Superior Tribunal de Justi\u00e7a (STJ). Edson Fachin, Lu\u00eds Roberto Barroso, Luiz Fux e a presidente, C\u00e1rmen L\u00facia, s\u00e3o a favor do cumprimento ap\u00f3s a segunda inst\u00e2ncia.<\/p>\n<h4>Acusa\u00e7\u00e3o<\/h4>\n<p>Em parecer enviado ao STJ e assinado pelo subprocurador-geral da Rep\u00fablica Francisco de Assis Vieira Sanseverino, o Minist\u00e9rio P\u00fablico Federal (MPF) defendeu a pris\u00e3o de Lula logo ap\u00f3s o julgamento de seu \u00faltimo recurso no TRF4. Ele seguiu entendimento da procuradora-geral da Rep\u00fablica, Raquel Dodge, que tamb\u00e9m manifestou tal posicionamento ao STF.<\/p>\n<hr \/>\n<p>&nbsp;Fonte: Ag\u00eancia Brasil<\/p>\n","protected":false},"excerpt":{"rendered":"<p>O Superior Tribunal de Justi\u00e7a (STJ) marcou para esta quinta-feira, 1\u00ba, o julgamento de m\u00e9rito do recurso com o qual o ex-presidente Luiz In\u00e1cio Lula da Silva pretende evitar sua pris\u00e3o ap\u00f3s condena\u00e7\u00e3o na segunda inst\u00e2ncia da Justi\u00e7a. A data consta da mais recente atualiza\u00e7\u00e3o sobre o andamento do processo. Em janeiro, o vice-presidente do [&hellip;]<\/p>\n","protected":false},"author":96,"featured_media":92776,"comment_status":"closed","ping_status":"closed","sticky":false,"template":"","format":"standard","meta":{"footnotes":""},"categories":[254],"tags":[],"class_list":["post-92777","post","type-post","status-publish","format-standard","has-post-thumbnail","hentry","category-politica"],"_links":{"self":[{"href":"https:\/\/diarioregionaldigital.com.br\/index.php?rest_route=\/wp\/v2\/posts\/92777","targetHints":{"allow":["GET"]}}],"collection":[{"href":"https:\/\/diarioregionaldigital.com.br\/index.php?rest_route=\/wp\/v2\/posts"}],"about":[{"href":"https:\/\/diarioregionaldigital.com.br\/index.php?rest_route=\/wp\/v2\/types\/post"}],"author":[{"embeddable":true,"href":"https:\/\/diarioregionaldigital.com.br\/index.php?rest_route=\/wp\/v2\/users\/96"}],"replies":[{"embeddable":true,"href":"https:\/\/diarioregionaldigital.com.br\/index.php?rest_route=%2Fwp%2Fv2%2Fcomments&post=92777"}],"version-history":[{"count":0,"href":"https:\/\/diarioregionaldigital.com.br\/index.php?rest_route=\/wp\/v2\/posts\/92777\/revisions"}],"wp:featuredmedia":[{"embeddable":true,"href":"https:\/\/diarioregionaldigital.com.br\/index.php?rest_route=\/wp\/v2\/media\/92776"}],"wp:attachment":[{"href":"https:\/\/diarioregionaldigital.com.br\/index.php?rest_route=%2Fwp%2Fv2%2Fmedia&parent=92777"}],"wp:term":[{"taxonomy":"category","embeddable":true,"href":"https:\/\/diarioregionaldigital.com.br\/index.php?rest_route=%2Fwp%2Fv2%2Fcategories&post=92777"},{"taxonomy":"post_tag","embeddable":true,"href":"https:\/\/diarioregionaldigital.com.br\/index.php?rest_route=%2Fwp%2Fv2%2Ftags&post=92777"}],"curies":[{"name":"wp","href":"https:\/\/api.w.org\/{rel}","templated":true}]}}