{"id":92775,"date":"2018-02-27T21:44:03","date_gmt":"2018-02-28T00:44:03","guid":{"rendered":"http:\/\/diarioregionaljf.com.br\/2018\/02\/27\/juiz-forana-beatriz-ferreira-conquista-medalha-pela-selecao-brasileira-em-competicao-na-bulgaria\/"},"modified":"2018-02-27T21:44:03","modified_gmt":"2018-02-28T00:44:03","slug":"juiz-forana-beatriz-ferreira-conquista-medalha-pela-selecao-brasileira-em-competicao-na-bulgaria","status":"publish","type":"post","link":"https:\/\/diarioregionaldigital.com.br\/?p=92775","title":{"rendered":"Beatriz Ferreira, atleta de Juiz de Fora, conquista medalha pela Sele\u00e7\u00e3o Brasileira em competi\u00e7\u00e3o na Bulg\u00e1ria"},"content":{"rendered":"<p>O Boxe do Brasil encerrou a sua participa\u00e7\u00e3o no torneio mais tradicional e competitivo da Europa com duas maravilhosas medalhas. Dois dos nossos atletas mostraram que o Brasil continua impondo respeito \u00e0s pot\u00eancias do Boxe mundial.<\/p>\n<p>Na final feminina da categoria leve (60kg), Beatriz Ferreira encarou uma luta dif\u00edcil, onde a finlandesa Mira Potkonen se utilizou de sua larga experi\u00eancia para manter a tranquilidade e neutralizar as investidas de Bia, que buscou o tempo todo acertar os seus melhores golpes. Ao final da luta, a finlandesa teve o seu bra\u00e7o erguido ap\u00f3s o resultado de 4:1 ao seu favor. Com isso, Beatriz conquistou uma important\u00edssima medalha de Prata.<\/p>\n<p>Essa foi a primeira vez que Beatriz realizou quatro lutas seguidas em uma mesma competi\u00e7\u00e3o. No 69\u00ba Strandja Tournament, ela enfrentou uma experiente atleta, que al\u00e9m de medalhista ol\u00edmpica, j\u00e1 subiu no p\u00f3dio do campeonato europeu. Foi um grande resultado para uma atleta que est\u00e1 dando os seus primeiros passos entre as maiores pot\u00eancias do Boxe mundial.<\/p>\n<p>Com apenas 26 lutas no curr\u00edculo, Beatriz Ferreira conquistou medalhas em todas as competi\u00e7\u00f5es internacionais em que participou. Somente em 2017 foram tr\u00eas Ouros e um Bronze conquistados fora do Brasil.<\/p>\n<p>Foi uma experi\u00eancia valiosa para todos os atletas, principalmente para as representantes do Boxe feminino, j\u00e1 que neste ano teremos o Campeonato mundial de Boxe Feminino que ser\u00e1 realizado em novembro, na \u00cdndia.<\/p>\n<p><strong>Fonte: CBBOXE<\/strong><\/p>\n<p><strong>&nbsp;<\/strong><\/p>\n","protected":false},"excerpt":{"rendered":"<p>O Boxe do Brasil encerrou a sua participa\u00e7\u00e3o no torneio mais tradicional e competitivo da Europa com duas maravilhosas medalhas. Dois dos nossos atletas mostraram que o Brasil continua impondo respeito \u00e0s pot\u00eancias do Boxe mundial. Na final feminina da categoria leve (60kg), Beatriz Ferreira encarou uma luta dif\u00edcil, onde a finlandesa Mira Potkonen se [&hellip;]<\/p>\n","protected":false},"author":96,"featured_media":92774,"comment_status":"closed","ping_status":"closed","sticky":false,"template":"","format":"standard","meta":{"footnotes":""},"categories":[257],"tags":[],"class_list":["post-92775","post","type-post","status-publish","format-standard","has-post-thumbnail","hentry","category-esporte"],"_links":{"self":[{"href":"https:\/\/diarioregionaldigital.com.br\/index.php?rest_route=\/wp\/v2\/posts\/92775","targetHints":{"allow":["GET"]}}],"collection":[{"href":"https:\/\/diarioregionaldigital.com.br\/index.php?rest_route=\/wp\/v2\/posts"}],"about":[{"href":"https:\/\/diarioregionaldigital.com.br\/index.php?rest_route=\/wp\/v2\/types\/post"}],"author":[{"embeddable":true,"href":"https:\/\/diarioregionaldigital.com.br\/index.php?rest_route=\/wp\/v2\/users\/96"}],"replies":[{"embeddable":true,"href":"https:\/\/diarioregionaldigital.com.br\/index.php?rest_route=%2Fwp%2Fv2%2Fcomments&post=92775"}],"version-history":[{"count":0,"href":"https:\/\/diarioregionaldigital.com.br\/index.php?rest_route=\/wp\/v2\/posts\/92775\/revisions"}],"wp:featuredmedia":[{"embeddable":true,"href":"https:\/\/diarioregionaldigital.com.br\/index.php?rest_route=\/wp\/v2\/media\/92774"}],"wp:attachment":[{"href":"https:\/\/diarioregionaldigital.com.br\/index.php?rest_route=%2Fwp%2Fv2%2Fmedia&parent=92775"}],"wp:term":[{"taxonomy":"category","embeddable":true,"href":"https:\/\/diarioregionaldigital.com.br\/index.php?rest_route=%2Fwp%2Fv2%2Fcategories&post=92775"},{"taxonomy":"post_tag","embeddable":true,"href":"https:\/\/diarioregionaldigital.com.br\/index.php?rest_route=%2Fwp%2Fv2%2Ftags&post=92775"}],"curies":[{"name":"wp","href":"https:\/\/api.w.org\/{rel}","templated":true}]}}