{"id":92773,"date":"2018-02-27T21:41:33","date_gmt":"2018-02-28T00:41:33","guid":{"rendered":"http:\/\/diarioregionaljf.com.br\/2018\/02\/27\/maior-arrecadacao-leva-governo-central-a-superavit-primario-recorde-em-janeiro\/"},"modified":"2018-02-27T21:41:33","modified_gmt":"2018-02-28T00:41:33","slug":"maior-arrecadacao-leva-governo-central-a-superavit-primario-recorde-em-janeiro","status":"publish","type":"post","link":"https:\/\/diarioregionaldigital.com.br\/?p=92773","title":{"rendered":"Maior arrecada\u00e7\u00e3o leva Governo Central a super\u00e1vit prim\u00e1rio recorde em janeiro"},"content":{"rendered":"<p>A melhoria na arrecada\u00e7\u00e3o federal proporcionada pela recupera\u00e7\u00e3o da economia e pela renegocia\u00e7\u00e3o de d\u00edvidas com a Uni\u00e3o fez o Governo Central (Tesouro Nacional, Previd\u00eancia Social e Banco Central) iniciar o ano com super\u00e1vit prim\u00e1rio recorde. Segundo n\u00fameros divulgados nessa ter\u00e7a-feira, 27, pelo Tesouro, a economia de recursos chegou a R$31,069 bilh\u00f5es em janeiro, o melhor resultado da hist\u00f3ria para o m\u00eas.<\/p>\n<p>O super\u00e1vit prim\u00e1rio \u00e9 a economia de recursos para pagar os juros da d\u00edvida p\u00fablica. Tradicionalmente, o m\u00eas de janeiro registra super\u00e1vit por causa do pagamento de Imposto de Renda e de Contribui\u00e7\u00e3o Social sobre o Lucro L\u00edquido das empresas. No entanto, o resultado positivo foi 67,8% superior ao do mesmo m\u00eas ano passado, quando o super\u00e1vit tinha atingido R$18,005 bilh\u00f5es.<\/p>\n<p>O super\u00e1vit foi poss\u00edvel porque as receitas cresceram em ritmo maior que as despesas. Em janeiro, as receitas cresceram 10,4% acima da infla\u00e7\u00e3o oficial pelo \u00cdndice Nacional de Pre\u00e7os ao Consumidor Amplo (IPCA), contra aumento de 1,6% acima da infla\u00e7\u00e3o das despesas.<\/p>\n<p>Al\u00e9m da recupera\u00e7\u00e3o econ\u00f4mica, que impulsionou a arrecada\u00e7\u00e3o no m\u00eas passado, o Programa Especial de Renegocia\u00e7\u00e3o Tribut\u00e1ria, apelidado de Novo Refis, e o crescimento dos royalties do petr\u00f3leo por causa da melhoria da cota\u00e7\u00e3o do produto contribu\u00edram para a alta das receitas.<\/p>\n<p>Apesar da melhoria do desempenho das contas p\u00fablicas, a Previd\u00eancia Social registrou d\u00e9ficit de R$14,5 bilh\u00f5es em janeiro, valor recorde para o m\u00eas. O rombo foi compensado pelo super\u00e1vit recorde de R$45,5 bilh\u00f5es do Tesouro Nacional e do Banco Central.<\/p>\n<p>Em rela\u00e7\u00e3o \u00e0s despesas, os gastos de custeio (manuten\u00e7\u00e3o da m\u00e1quina p\u00fablica) aumentaram 13,1% acima da infla\u00e7\u00e3o. As despesas com a Previd\u00eancia Social subiram 4,7%, e os gastos com o funcionalismo federal aumentaram 2,8% ao descontar o IPCA.<\/p>\n<p>Os investimentos federais (obras p\u00fablicas e compra de equipamentos) somaram R$1,489 bilh\u00e3o em janeiro, com alta de 20,8% em rela\u00e7\u00e3o ao mesmo m\u00eas do ano passado. O principal programa federal de investimentos, no entanto, registrou queda na execu\u00e7\u00e3o. O Programa de Acelera\u00e7\u00e3o do Crescimento (PAC) executou R$688 milh\u00f5es no primeiro m\u00eas de 2018, queda de 14,7% em rela\u00e7\u00e3o ao ano passado descontado o IPCA.<\/p>\n<hr \/>\n<p>&nbsp;Fonte: Ag\u00eancia Brasil<\/p>\n","protected":false},"excerpt":{"rendered":"<p>A melhoria na arrecada\u00e7\u00e3o federal proporcionada pela recupera\u00e7\u00e3o da economia e pela renegocia\u00e7\u00e3o de d\u00edvidas com a Uni\u00e3o fez o Governo Central (Tesouro Nacional, Previd\u00eancia Social e Banco Central) iniciar o ano com super\u00e1vit prim\u00e1rio recorde. Segundo n\u00fameros divulgados nessa ter\u00e7a-feira, 27, pelo Tesouro, a economia de recursos chegou a R$31,069 bilh\u00f5es em janeiro, o [&hellip;]<\/p>\n","protected":false},"author":96,"featured_media":92772,"comment_status":"closed","ping_status":"closed","sticky":false,"template":"","format":"standard","meta":{"footnotes":""},"categories":[261],"tags":[],"class_list":["post-92773","post","type-post","status-publish","format-standard","has-post-thumbnail","hentry","category-economia"],"_links":{"self":[{"href":"https:\/\/diarioregionaldigital.com.br\/index.php?rest_route=\/wp\/v2\/posts\/92773","targetHints":{"allow":["GET"]}}],"collection":[{"href":"https:\/\/diarioregionaldigital.com.br\/index.php?rest_route=\/wp\/v2\/posts"}],"about":[{"href":"https:\/\/diarioregionaldigital.com.br\/index.php?rest_route=\/wp\/v2\/types\/post"}],"author":[{"embeddable":true,"href":"https:\/\/diarioregionaldigital.com.br\/index.php?rest_route=\/wp\/v2\/users\/96"}],"replies":[{"embeddable":true,"href":"https:\/\/diarioregionaldigital.com.br\/index.php?rest_route=%2Fwp%2Fv2%2Fcomments&post=92773"}],"version-history":[{"count":0,"href":"https:\/\/diarioregionaldigital.com.br\/index.php?rest_route=\/wp\/v2\/posts\/92773\/revisions"}],"wp:featuredmedia":[{"embeddable":true,"href":"https:\/\/diarioregionaldigital.com.br\/index.php?rest_route=\/wp\/v2\/media\/92772"}],"wp:attachment":[{"href":"https:\/\/diarioregionaldigital.com.br\/index.php?rest_route=%2Fwp%2Fv2%2Fmedia&parent=92773"}],"wp:term":[{"taxonomy":"category","embeddable":true,"href":"https:\/\/diarioregionaldigital.com.br\/index.php?rest_route=%2Fwp%2Fv2%2Fcategories&post=92773"},{"taxonomy":"post_tag","embeddable":true,"href":"https:\/\/diarioregionaldigital.com.br\/index.php?rest_route=%2Fwp%2Fv2%2Ftags&post=92773"}],"curies":[{"name":"wp","href":"https:\/\/api.w.org\/{rel}","templated":true}]}}