{"id":92771,"date":"2018-02-27T21:39:07","date_gmt":"2018-02-28T00:39:07","guid":{"rendered":"http:\/\/diarioregionaljf.com.br\/2018\/02\/27\/cbf-adia-convocacao-da-selecao-para-amistosos-contra-russia-e-alemanha\/"},"modified":"2018-02-27T21:39:07","modified_gmt":"2018-02-28T00:39:07","slug":"cbf-adia-convocacao-da-selecao-para-amistosos-contra-russia-e-alemanha","status":"publish","type":"post","link":"https:\/\/diarioregionaldigital.com.br\/?p=92771","title":{"rendered":"CBF adia convoca\u00e7\u00e3o da sele\u00e7\u00e3o para amistosos contra R\u00fassia e Alemanha"},"content":{"rendered":"<p>A comiss\u00e3o t\u00e9cnica da sele\u00e7\u00e3o brasileira de futebol adiou para 12 de mar\u00e7o a convoca\u00e7\u00e3o dos jogadores para os amistosos contra a R\u00fassia e a Alemanha. Inicialmente, a convoca\u00e7\u00e3o estava marcada para sexta-feira, 2.<\/p>\n<p>A sele\u00e7\u00e3o foi adiada por dez dias, devido \u00e0 necessidade de observar atletas que est\u00e3o machucados, como o atacante Neymar Jr., que sofreu uma contus\u00e3o durante jogo do PSG contra o Olympique de Marselha, no \u00faltimo domingo, 25, e como o lateral Marcelo, que sofreu uma les\u00e3o na perna no jogo do Real Madrid contra o Betis, no \u00faltimo dia 17.<\/p>\n<p>Al\u00e9m de acompanhar a situa\u00e7\u00e3o dos atletas, a comiss\u00e3o t\u00e9cnica da Sele\u00e7\u00e3o Brasileira aproveitar\u00e1 esse tempo para fazer mais observa\u00e7\u00f5es t\u00e9cnicas. Os amistosos preparat\u00f3rios para a Copa do Mundo 2018 ser\u00e3o realizados no dia 23 (contra a R\u00fassia) e 27 (contra a Alemanha), na casa dos advers\u00e1rios.<\/p>\n<p><strong>Fonte: Ag\u00eancia Brasil<\/strong><\/p>\n","protected":false},"excerpt":{"rendered":"<p>A comiss\u00e3o t\u00e9cnica da sele\u00e7\u00e3o brasileira de futebol adiou para 12 de mar\u00e7o a convoca\u00e7\u00e3o dos jogadores para os amistosos contra a R\u00fassia e a Alemanha. Inicialmente, a convoca\u00e7\u00e3o estava marcada para sexta-feira, 2. A sele\u00e7\u00e3o foi adiada por dez dias, devido \u00e0 necessidade de observar atletas que est\u00e3o machucados, como o atacante Neymar Jr., [&hellip;]<\/p>\n","protected":false},"author":96,"featured_media":92770,"comment_status":"closed","ping_status":"closed","sticky":false,"template":"","format":"standard","meta":{"footnotes":""},"categories":[257],"tags":[],"class_list":["post-92771","post","type-post","status-publish","format-standard","has-post-thumbnail","hentry","category-esporte"],"_links":{"self":[{"href":"https:\/\/diarioregionaldigital.com.br\/index.php?rest_route=\/wp\/v2\/posts\/92771","targetHints":{"allow":["GET"]}}],"collection":[{"href":"https:\/\/diarioregionaldigital.com.br\/index.php?rest_route=\/wp\/v2\/posts"}],"about":[{"href":"https:\/\/diarioregionaldigital.com.br\/index.php?rest_route=\/wp\/v2\/types\/post"}],"author":[{"embeddable":true,"href":"https:\/\/diarioregionaldigital.com.br\/index.php?rest_route=\/wp\/v2\/users\/96"}],"replies":[{"embeddable":true,"href":"https:\/\/diarioregionaldigital.com.br\/index.php?rest_route=%2Fwp%2Fv2%2Fcomments&post=92771"}],"version-history":[{"count":0,"href":"https:\/\/diarioregionaldigital.com.br\/index.php?rest_route=\/wp\/v2\/posts\/92771\/revisions"}],"wp:featuredmedia":[{"embeddable":true,"href":"https:\/\/diarioregionaldigital.com.br\/index.php?rest_route=\/wp\/v2\/media\/92770"}],"wp:attachment":[{"href":"https:\/\/diarioregionaldigital.com.br\/index.php?rest_route=%2Fwp%2Fv2%2Fmedia&parent=92771"}],"wp:term":[{"taxonomy":"category","embeddable":true,"href":"https:\/\/diarioregionaldigital.com.br\/index.php?rest_route=%2Fwp%2Fv2%2Fcategories&post=92771"},{"taxonomy":"post_tag","embeddable":true,"href":"https:\/\/diarioregionaldigital.com.br\/index.php?rest_route=%2Fwp%2Fv2%2Ftags&post=92771"}],"curies":[{"name":"wp","href":"https:\/\/api.w.org\/{rel}","templated":true}]}}