{"id":92769,"date":"2018-02-27T21:36:19","date_gmt":"2018-02-28T00:36:19","guid":{"rendered":"http:\/\/diarioregionaljf.com.br\/2018\/02\/27\/edital-de-convocacao-age-seserc-28-02-18\/"},"modified":"2018-08-13T20:37:31","modified_gmt":"2018-08-13T23:37:31","slug":"edital-de-convocacao-age-seserc-28-02-18","status":"publish","type":"post","link":"https:\/\/diarioregionaldigital.com.br\/?p=92769","title":{"rendered":"Edital de convoca\u00e7\u00e3o &#8211; AGE SESERC 28\/02\/18"},"content":{"rendered":"<p style=\"text-align: center;\"><span class=\"h4\">EDITAL DE CONVOCA\u00c7\u00c3O DO SESERC\/JF<\/span><br \/><span class=\"h4\">ASSEMBLEIA GERAL EXTRAORDIN\u00c1RIA CONTRIBUI\u00c7\u00c3O SINDICAL 2018<\/span><br \/>O Sindicato dos Empregados nos Sindicatos e Entidades de Representa\u00e7\u00e3o de Classes de Juiz de Fora\/MG, inscrito no CNPJ sob o n\u00ba. 74.107.350\/0001-98, representado por seu presidente senhor Anselmo \u00cdtalo Leopoldino, no uso de suas atribui\u00e7\u00f5es legais, convoca todos os integrantes da categoria profissional (sindicalizados ou n\u00e3o), na base territorial desta entidade sindical, ou seja, no munic\u00edpio de Juiz de Fora\/MG, para comparecerem \u00e0 Assembleia Geral Extraordin\u00e1ria (AGE) a ser realizada no dia 02 de Mar\u00e7o de 2018, \u00e0s 17:30 horas, em primeira convoca\u00e7\u00e3o, ou, caso n\u00e3o haja qu\u00f3rum na primeira convoca\u00e7\u00e3o, \u00e0s 18:30 horas, em segunda convoca\u00e7\u00e3o, com qualquer n\u00famero de presentes, cujo local de realiza\u00e7\u00e3o, ser\u00e1 na sede da entidade, situada na Av. Get\u00falio Vargas, n\u00ba 828 \/Sala 406, Centro, Juiz de Fora\/MG, para discuss\u00e3o e delibera\u00e7\u00e3o da seguinte Ordem do Dia: 1) Leitura do Edital de Convoca\u00e7\u00e3o; 2) Leitura, discuss\u00e3o e aprova\u00e7\u00e3o (ou n\u00e3o) da Ata de AGE anterior; 3) Aprova\u00e7\u00e3o (ou n\u00e3o) da autoriza\u00e7\u00e3o coletiva pr\u00e9via e expressa, mediante Assembleia Geral da categoria, nos termos do Estatuto da entidade, na forma dos artigos 578 e seguintes da CLT, com a reda\u00e7\u00e3o da Lei n\u00ba 13.467\/2017 e com base no Enunciado n\u00ba 38 da ANAMATRA (Associa\u00e7\u00e3o Nacional dos Magistrados da Justi\u00e7a do Trabalho), para o desconto da Contribui\u00e7\u00e3o Sindical no exerc\u00edcio de 2018, a ser descontada de todos os trabalhadores participantes da categoria profissional representada por esta entidade sindical, independentemente de associa\u00e7\u00e3o ou sindicaliza\u00e7\u00e3o, objetivando a manuten\u00e7\u00e3o da funcionalidade e representatividade do Sindicato; 4) Reda\u00e7\u00e3o, leitura, discuss\u00e3o e aprova\u00e7\u00e3o (ou n\u00e3o) da Ata da AGE ora convocada; e 5) Assuntos Gerais. Juiz de Fora\/MG, 28 de Fevereiro de 2018. \u2013 ANSELMO ITALO LEOPOLDINO- Diretor Presidente.<\/p>\n","protected":false},"excerpt":{"rendered":"<p>EDITAL DE CONVOCA\u00c7\u00c3O DO SESERC\/JFASSEMBLEIA GERAL EXTRAORDIN\u00c1RIA CONTRIBUI\u00c7\u00c3O SINDICAL 2018O Sindicato dos Empregados nos Sindicatos e Entidades de Representa\u00e7\u00e3o de Classes de Juiz de Fora\/MG, inscrito no CNPJ sob o n\u00ba. 74.107.350\/0001-98, representado por seu presidente senhor Anselmo \u00cdtalo Leopoldino, no uso de suas atribui\u00e7\u00f5es legais, convoca todos os integrantes da categoria profissional (sindicalizados ou [&hellip;]<\/p>\n","protected":false},"author":96,"featured_media":0,"comment_status":"closed","ping_status":"closed","sticky":false,"template":"","format":"standard","meta":{"footnotes":""},"categories":[307],"tags":[],"class_list":["post-92769","post","type-post","status-publish","format-standard","hentry","category-editais"],"_links":{"self":[{"href":"https:\/\/diarioregionaldigital.com.br\/index.php?rest_route=\/wp\/v2\/posts\/92769","targetHints":{"allow":["GET"]}}],"collection":[{"href":"https:\/\/diarioregionaldigital.com.br\/index.php?rest_route=\/wp\/v2\/posts"}],"about":[{"href":"https:\/\/diarioregionaldigital.com.br\/index.php?rest_route=\/wp\/v2\/types\/post"}],"author":[{"embeddable":true,"href":"https:\/\/diarioregionaldigital.com.br\/index.php?rest_route=\/wp\/v2\/users\/96"}],"replies":[{"embeddable":true,"href":"https:\/\/diarioregionaldigital.com.br\/index.php?rest_route=%2Fwp%2Fv2%2Fcomments&post=92769"}],"version-history":[{"count":0,"href":"https:\/\/diarioregionaldigital.com.br\/index.php?rest_route=\/wp\/v2\/posts\/92769\/revisions"}],"wp:attachment":[{"href":"https:\/\/diarioregionaldigital.com.br\/index.php?rest_route=%2Fwp%2Fv2%2Fmedia&parent=92769"}],"wp:term":[{"taxonomy":"category","embeddable":true,"href":"https:\/\/diarioregionaldigital.com.br\/index.php?rest_route=%2Fwp%2Fv2%2Fcategories&post=92769"},{"taxonomy":"post_tag","embeddable":true,"href":"https:\/\/diarioregionaldigital.com.br\/index.php?rest_route=%2Fwp%2Fv2%2Ftags&post=92769"}],"curies":[{"name":"wp","href":"https:\/\/api.w.org\/{rel}","templated":true}]}}