{"id":92768,"date":"2018-02-27T21:35:55","date_gmt":"2018-02-28T00:35:55","guid":{"rendered":"http:\/\/diarioregionaljf.com.br\/2018\/02\/27\/sel-planeja-reuniao-geral-da-25-edicao-dos-jogos-intercolegiais\/"},"modified":"2018-02-27T21:35:55","modified_gmt":"2018-02-28T00:35:55","slug":"sel-planeja-reuniao-geral-da-25-edicao-dos-jogos-intercolegiais","status":"publish","type":"post","link":"https:\/\/diarioregionaldigital.com.br\/?p=92768","title":{"rendered":"Sel planeja reuni\u00e3o geral da 25\u00aa edi\u00e7\u00e3o dos Jogos Intercolegiais"},"content":{"rendered":"<p>A fim de tra\u00e7ar os objetivos e definir as diretrizes para a edi\u00e7\u00e3o de 2018 dos Jogos Intercolegiais, a Secretaria de Esporte e Lazer (SEL) vai se reunir com diretores, professores de educa\u00e7\u00e3o f\u00edsica, coordenadores, representantes das escolas e demais interessados, em reuni\u00e3o geral, no dia 7 de mar\u00e7o, \u00e0s 15 horas, no audit\u00f3rio da pr\u00f3pria secretaria, na Av. Rui Barbosa, 530 \u2013 Santa Terezinha.<\/p>\n<p> Entre outros temas, ser\u00e3o discutidos os cronogramas das modalidades, informes sobre a Cerim\u00f4nia de Abertura e quest\u00f5es sobre o regulamento geral de 2018.<\/p>\n<p> Em 2017, os Jogos Intercolegiais tiveram a participa\u00e7\u00e3o de 72 escolas, com aproximadamente 4600 alunos-atletas envolvidos em 12 modalidades.<\/p>\n<p> <strong>Jogos Intercolegiais<\/strong><\/p>\n<p> T\u00eam por finalidade incentivar a participa\u00e7\u00e3o das institui\u00e7\u00f5es de ensino de Juiz de Fora em atividades esportivas, promover a ampla mobiliza\u00e7\u00e3o da juventude estudantil em torno do esporte e a integra\u00e7\u00e3o entre os estudantes em idade escolar. A competi\u00e7\u00e3o envolver\u00e1 alunos na faixa et\u00e1ria entre 12 e 17 anos. Ser\u00e3o disputadas modalidades individuais e coletivas, al\u00e9m de provas paral\u00edmpicas.<\/p>\n<p> Os jogos fundamentam-se nos princ\u00edpios de valoriza\u00e7\u00e3o do esporte escolar, tais como participa\u00e7\u00e3o, coopera\u00e7\u00e3o, emancipa\u00e7\u00e3o e inclus\u00e3o, contribuindo para a forma\u00e7\u00e3o cidad\u00e3 dos estudantes. A competi\u00e7\u00e3o estabelece conson\u00e2ncia com os princ\u00edpios educacionais, ao valorizar a corporeidade, o l\u00fadico, os esportes e o movimento de forma\u00e7\u00e3o humana.<\/p>\n<p><strong>Fonte: Assessoria\/SEL<\/strong><\/p>\n","protected":false},"excerpt":{"rendered":"<p>A fim de tra\u00e7ar os objetivos e definir as diretrizes para a edi\u00e7\u00e3o de 2018 dos Jogos Intercolegiais, a Secretaria de Esporte e Lazer (SEL) vai se reunir com diretores, professores de educa\u00e7\u00e3o f\u00edsica, coordenadores, representantes das escolas e demais interessados, em reuni\u00e3o geral, no dia 7 de mar\u00e7o, \u00e0s 15 horas, no audit\u00f3rio da [&hellip;]<\/p>\n","protected":false},"author":96,"featured_media":92767,"comment_status":"closed","ping_status":"closed","sticky":false,"template":"","format":"standard","meta":{"footnotes":""},"categories":[257],"tags":[],"class_list":["post-92768","post","type-post","status-publish","format-standard","has-post-thumbnail","hentry","category-esporte"],"_links":{"self":[{"href":"https:\/\/diarioregionaldigital.com.br\/index.php?rest_route=\/wp\/v2\/posts\/92768","targetHints":{"allow":["GET"]}}],"collection":[{"href":"https:\/\/diarioregionaldigital.com.br\/index.php?rest_route=\/wp\/v2\/posts"}],"about":[{"href":"https:\/\/diarioregionaldigital.com.br\/index.php?rest_route=\/wp\/v2\/types\/post"}],"author":[{"embeddable":true,"href":"https:\/\/diarioregionaldigital.com.br\/index.php?rest_route=\/wp\/v2\/users\/96"}],"replies":[{"embeddable":true,"href":"https:\/\/diarioregionaldigital.com.br\/index.php?rest_route=%2Fwp%2Fv2%2Fcomments&post=92768"}],"version-history":[{"count":0,"href":"https:\/\/diarioregionaldigital.com.br\/index.php?rest_route=\/wp\/v2\/posts\/92768\/revisions"}],"wp:featuredmedia":[{"embeddable":true,"href":"https:\/\/diarioregionaldigital.com.br\/index.php?rest_route=\/wp\/v2\/media\/92767"}],"wp:attachment":[{"href":"https:\/\/diarioregionaldigital.com.br\/index.php?rest_route=%2Fwp%2Fv2%2Fmedia&parent=92768"}],"wp:term":[{"taxonomy":"category","embeddable":true,"href":"https:\/\/diarioregionaldigital.com.br\/index.php?rest_route=%2Fwp%2Fv2%2Fcategories&post=92768"},{"taxonomy":"post_tag","embeddable":true,"href":"https:\/\/diarioregionaldigital.com.br\/index.php?rest_route=%2Fwp%2Fv2%2Ftags&post=92768"}],"curies":[{"name":"wp","href":"https:\/\/api.w.org\/{rel}","templated":true}]}}