{"id":92766,"date":"2018-02-27T21:33:26","date_gmt":"2018-02-28T00:33:26","guid":{"rendered":"http:\/\/diarioregionaljf.com.br\/2018\/02\/27\/ranking-de-corridas-de-rua-2018-estreia-com-grande-participacao\/"},"modified":"2018-02-27T21:33:26","modified_gmt":"2018-02-28T00:33:26","slug":"ranking-de-corridas-de-rua-2018-estreia-com-grande-participacao","status":"publish","type":"post","link":"https:\/\/diarioregionaldigital.com.br\/?p=92766","title":{"rendered":"Ranking de Corridas de Rua 2018 estreia com grande participa\u00e7\u00e3o"},"content":{"rendered":"<p>Come\u00e7ou no domingo, 25, a 32\u00aa edi\u00e7\u00e3o do Ranking Prefeitura de Juiz de Fora de Corridas de Rua. A etapa inaugural contou com a realiza\u00e7\u00e3o da 2\u00aa Corrida do Laborat\u00f3rio C\u00f4rtes Villela\/PJF, tendo a participa\u00e7\u00e3o de cerca de 1.250 pessoas, entre adultos e crian\u00e7as. Os grandes nomes da competi\u00e7\u00e3o, Eberth Silva (Fripai\/ O2) e Amanda Oliveira (Fac. Granbery\/Ed. F\u00edsica), destacaram-se novamente na prova de 10km, consagrando-se vencedores dessa etapa.<\/p>\n<p><strong>&nbsp;<\/strong><\/p>\n<p><strong>Gerais e equipes<\/strong><\/p>\n<p> O p\u00f3dio masculino foi completado pelos atletas: Fl\u00e1vio Stumpf (Apu\u00e3 Vertical\/Vis\u00e3o de \u00c1gua), Albertino Luz, Jocemar Corr\u00eaa (Apu\u00e3 Vertical\/Vis\u00e3o de \u00c1guia) e F\u00e1bio Junior Corvelos (RB Team\/Vem Correr). O feminino, por Aline Barbosa (Fac. Granbery\/ Ed. F\u00edsica), Paula Adriana dos Santos (Uniptan), Talita Antunes (VidAtiva) e Claudete Nunes (ProFit).<\/p>\n<p> Por equipes, vit\u00f3ria de RB Team\/Vem Correr, seguida de Apu\u00e3 Vertical\/Vis\u00e3o de \u00c1guia e Imperadores, entre as masculinas; e de Fac. Granbery\/Ed. F\u00edsica sobre ProFit e Gemacom Tech\/Tate Lyle,entre as femininas. Entre os grupos PCD (Pessoas com Defici\u00eancia), o topo do p\u00f3dio ficou com Super Amigos (masculino) e JF Paral\u00edmpico (feminino)<\/p>\n<p> D\u00favidas sobre classifica\u00e7\u00e3o devem ser encaminhadas diretamente \u00e0 Secretaria de Esporte e Lazer, atrav\u00e9s do e-mail: <a href=\"mailto:rankingdecorridasjf@yahoo.com.br\">rankingdecorridasjf@yahoo.com.br<\/a> ou pelo telefone 3690-7845.<\/p>\n","protected":false},"excerpt":{"rendered":"<p>Come\u00e7ou no domingo, 25, a 32\u00aa edi\u00e7\u00e3o do Ranking Prefeitura de Juiz de Fora de Corridas de Rua. A etapa inaugural contou com a realiza\u00e7\u00e3o da 2\u00aa Corrida do Laborat\u00f3rio C\u00f4rtes Villela\/PJF, tendo a participa\u00e7\u00e3o de cerca de 1.250 pessoas, entre adultos e crian\u00e7as. Os grandes nomes da competi\u00e7\u00e3o, Eberth Silva (Fripai\/ O2) e Amanda [&hellip;]<\/p>\n","protected":false},"author":96,"featured_media":92765,"comment_status":"closed","ping_status":"closed","sticky":false,"template":"","format":"standard","meta":{"footnotes":""},"categories":[257],"tags":[],"class_list":["post-92766","post","type-post","status-publish","format-standard","has-post-thumbnail","hentry","category-esporte"],"_links":{"self":[{"href":"https:\/\/diarioregionaldigital.com.br\/index.php?rest_route=\/wp\/v2\/posts\/92766","targetHints":{"allow":["GET"]}}],"collection":[{"href":"https:\/\/diarioregionaldigital.com.br\/index.php?rest_route=\/wp\/v2\/posts"}],"about":[{"href":"https:\/\/diarioregionaldigital.com.br\/index.php?rest_route=\/wp\/v2\/types\/post"}],"author":[{"embeddable":true,"href":"https:\/\/diarioregionaldigital.com.br\/index.php?rest_route=\/wp\/v2\/users\/96"}],"replies":[{"embeddable":true,"href":"https:\/\/diarioregionaldigital.com.br\/index.php?rest_route=%2Fwp%2Fv2%2Fcomments&post=92766"}],"version-history":[{"count":0,"href":"https:\/\/diarioregionaldigital.com.br\/index.php?rest_route=\/wp\/v2\/posts\/92766\/revisions"}],"wp:featuredmedia":[{"embeddable":true,"href":"https:\/\/diarioregionaldigital.com.br\/index.php?rest_route=\/wp\/v2\/media\/92765"}],"wp:attachment":[{"href":"https:\/\/diarioregionaldigital.com.br\/index.php?rest_route=%2Fwp%2Fv2%2Fmedia&parent=92766"}],"wp:term":[{"taxonomy":"category","embeddable":true,"href":"https:\/\/diarioregionaldigital.com.br\/index.php?rest_route=%2Fwp%2Fv2%2Fcategories&post=92766"},{"taxonomy":"post_tag","embeddable":true,"href":"https:\/\/diarioregionaldigital.com.br\/index.php?rest_route=%2Fwp%2Fv2%2Ftags&post=92766"}],"curies":[{"name":"wp","href":"https:\/\/api.w.org\/{rel}","templated":true}]}}