{"id":92764,"date":"2018-02-27T21:32:36","date_gmt":"2018-02-28T00:32:36","guid":{"rendered":"http:\/\/diarioregionaljf.com.br\/2018\/02\/27\/emcasa-doa-computadores-para-associacao-de-moradores-do-parque-das-aguas\/"},"modified":"2018-02-27T21:32:36","modified_gmt":"2018-02-28T00:32:36","slug":"emcasa-doa-computadores-para-associacao-de-moradores-do-parque-das-aguas","status":"publish","type":"post","link":"https:\/\/diarioregionaldigital.com.br\/?p=92764","title":{"rendered":"Emcasa doa computadores para Associa\u00e7\u00e3o de Moradores do Parque das \u00c1guas"},"content":{"rendered":"<p>&#8220;Formar profissionais e tirar, sobretudo, as crian\u00e7as das ruas&#8221;. Com essas palavras, a vice-presidente da Associa\u00e7\u00e3o de Moradores do Bairro Parque das \u00c1guas, Jurema das Gra\u00e7as Silva, resumiu o prop\u00f3sito da associa\u00e7\u00e3o que ela e a presidente Rosemir da Silva levam adiante com &#8220;muito sacrif\u00edcio&#8221;, atrav\u00e9s do projeto &#8220;Verde \u00e9 Vida, Cidadania e Arte&#8221;.<\/p>\n<p>A fim de ajudar os projetos desenvolvidos pela pr\u00f3pria comunidade, a Emcasa, em parceria com a Caixa Econ\u00f4mica Federal, doou, na tarde de segunda-feira, 26, quatro computadores e material de escrit\u00f3rio, que ser\u00e3o utilizados nas aulas de inform\u00e1tica. O evento aconteceu na sede da Emcasa e contou com a presen\u00e7a do prefeito Bruno Siqueira.<\/p>\n<p>A Emcasa \u00e9 respons\u00e1vel pela assist\u00eancia social aos benefici\u00e1rios do Programa &#8220;Minha Casa Minha Vida&#8221;. O \u00f3rg\u00e3o faz o acompanhamento social durante um ano, ap\u00f3s a entrega das chaves do empreendimento. &#8220;Nesse per\u00edodo, promovemos o fortalecimento das lideran\u00e7as e incentivamos a forma\u00e7\u00e3o da associa\u00e7\u00e3o de moradores. No caso de loteamentos como o Parque das \u00c1guas, realizamos uma capacita\u00e7\u00e3o em parceria com a C\u00e2mara Municipal, para continuidade do projeto&#8221;, explica a coordenadora de projetos sociais da Emcasa, Waldea Couto. As atividades de assist\u00eancia j\u00e1 haviam sido encerradas, mas a Emcasa fez novo conv\u00eanio com a Caixa Econ\u00f4mica Federal para as doa\u00e7\u00f5es.<\/p>\n<p>Quinhentos e sessenta e cinco fam\u00edlias residem no loteamento, cuja associa\u00e7\u00e3o desenvolve, com a ajuda de volunt\u00e1rios, aulas de capoeira, bordado, futebol, v\u00f4lei, dan\u00e7a e inform\u00e1tica. &#8220;Estamos fazendo acontecer. Cerca de cem crian\u00e7as e adultos participam do nosso projeto. O que nos estimula a continuar \u00e9 a uni\u00e3o das pessoas, sobretudo por conta do \u00edndice de viol\u00eancia, e tirar as crian\u00e7as da rua&#8221;, enfatiza Rosemir.<\/p>\n<p>Os esfor\u00e7os s\u00e3o muitos: al\u00e9m das aulas, a associa\u00e7\u00e3o, no per\u00edodo de f\u00e9rias escolares, realizou uma col\u00f4nia de f\u00e9rias. &#8220;Fora dos dias da aula, fazemos atividades, para tirar crian\u00e7as e jovens das ruas&#8221;, conta Jurema. Ao serem questionadas se o trabalho est\u00e1 rendendo frutos, presidente e vice responderam em coro: &#8220;Com certeza! E \u00e9 isso que nos d\u00e1 for\u00e7as para continuar&#8221;.<\/p>\n<p>O prefeito Bruno Siqueira destacou a import\u00e2ncia da parceria entre a Prefeitura de Juiz de Fora (PJF) e a comunidade: &#8220;\u00c9 um trabalho que deve avan\u00e7ar, para desenvolvermos mais projetos com a comunidade. Temos certeza que esses equipamentos doados hoje ser\u00e3o muito \u00fateis. Entregamos uma escola e uma creche para o bairro. Em cinco anos, foram 110 obras para Juiz de Fora&#8221;.<\/p>\n<p>O presidente da Emcasa, Ricardo Francisco, destacou a import\u00e2ncia de parcerias para fortalecer o atendimento \u00e0s comunidades: &#8220;A Emcasa, ao longo de 30 anos, vem buscando parcerias tanto com secretarias da pr\u00f3pria Prefeitura, como com o Governo federal, e com as pr\u00f3prias associa\u00e7\u00f5es de moradores, a fim de trazer benfeitorias. Vamos continuar buscando recursos da Uni\u00e3o para novas conquistas&#8221;.<\/p>\n<p>Essa doa\u00e7\u00e3o totaliza R$14.127,58 destinados \u00e0 comunidade, contemplada, em outras oportunidades, com caixa de som amplificada com microfone, material de capoeira (berimbaus, atabaques e pandeiro), dois conjuntos completos de uniforme de futebol adulto, bola e rede de v\u00f4lei, bola de futebol de campo, um computador completo com impressora, material de escrit\u00f3rio e escolar.<\/p>\n<hr \/>\n<p>&nbsp;Fonte: Assessoria\/PJF<\/p>\n","protected":false},"excerpt":{"rendered":"<p>&#8220;Formar profissionais e tirar, sobretudo, as crian\u00e7as das ruas&#8221;. Com essas palavras, a vice-presidente da Associa\u00e7\u00e3o de Moradores do Bairro Parque das \u00c1guas, Jurema das Gra\u00e7as Silva, resumiu o prop\u00f3sito da associa\u00e7\u00e3o que ela e a presidente Rosemir da Silva levam adiante com &#8220;muito sacrif\u00edcio&#8221;, atrav\u00e9s do projeto &#8220;Verde \u00e9 Vida, Cidadania e Arte&#8221;. A [&hellip;]<\/p>\n","protected":false},"author":96,"featured_media":92763,"comment_status":"closed","ping_status":"closed","sticky":false,"template":"","format":"standard","meta":{"footnotes":""},"categories":[253],"tags":[],"class_list":["post-92764","post","type-post","status-publish","format-standard","has-post-thumbnail","hentry","category-cidade"],"_links":{"self":[{"href":"https:\/\/diarioregionaldigital.com.br\/index.php?rest_route=\/wp\/v2\/posts\/92764","targetHints":{"allow":["GET"]}}],"collection":[{"href":"https:\/\/diarioregionaldigital.com.br\/index.php?rest_route=\/wp\/v2\/posts"}],"about":[{"href":"https:\/\/diarioregionaldigital.com.br\/index.php?rest_route=\/wp\/v2\/types\/post"}],"author":[{"embeddable":true,"href":"https:\/\/diarioregionaldigital.com.br\/index.php?rest_route=\/wp\/v2\/users\/96"}],"replies":[{"embeddable":true,"href":"https:\/\/diarioregionaldigital.com.br\/index.php?rest_route=%2Fwp%2Fv2%2Fcomments&post=92764"}],"version-history":[{"count":0,"href":"https:\/\/diarioregionaldigital.com.br\/index.php?rest_route=\/wp\/v2\/posts\/92764\/revisions"}],"wp:featuredmedia":[{"embeddable":true,"href":"https:\/\/diarioregionaldigital.com.br\/index.php?rest_route=\/wp\/v2\/media\/92763"}],"wp:attachment":[{"href":"https:\/\/diarioregionaldigital.com.br\/index.php?rest_route=%2Fwp%2Fv2%2Fmedia&parent=92764"}],"wp:term":[{"taxonomy":"category","embeddable":true,"href":"https:\/\/diarioregionaldigital.com.br\/index.php?rest_route=%2Fwp%2Fv2%2Fcategories&post=92764"},{"taxonomy":"post_tag","embeddable":true,"href":"https:\/\/diarioregionaldigital.com.br\/index.php?rest_route=%2Fwp%2Fv2%2Ftags&post=92764"}],"curies":[{"name":"wp","href":"https:\/\/api.w.org\/{rel}","templated":true}]}}