{"id":92762,"date":"2018-02-27T21:30:49","date_gmt":"2018-02-28T00:30:49","guid":{"rendered":"http:\/\/diarioregionaljf.com.br\/2018\/02\/27\/centro-de-ciencias-da-ufjf-recebe-estudantes-da-dinamarca-em-visita-guiada\/"},"modified":"2018-02-27T21:30:49","modified_gmt":"2018-02-28T00:30:49","slug":"centro-de-ciencias-da-ufjf-recebe-estudantes-da-dinamarca-em-visita-guiada","status":"publish","type":"post","link":"https:\/\/diarioregionaldigital.com.br\/?p=92762","title":{"rendered":"Centro de Ci\u00eancias da UFJF recebe estudantes da Dinamarca em visita guiada"},"content":{"rendered":"<p>\u201cH\u00e1 muitas diferen\u00e7as entre as culturas brasileira e dinamarquesa e isso \u00e9 vis\u00edvel no comportamento e na mentalidade das pessoas dos dois pa\u00edses, mas \u00e9 muito interessante conhecer. Fiquei maravilhada com a experi\u00eancia de ver tudo o que o Centro de Ci\u00eancias t\u00eam para nos mostrar\u201d, revela a estudante dinamarquesa Aimee Annika Hansen, de 20 anos. Juntamente com dois professores e outros 37 alunos do ensino m\u00e9dio do Col\u00e9gio Mariagerfjord Gymnasium, ela foi recebida pela equipe do Centro de Ci\u00eancias da Universidade Federal de Juiz de Fora (UFJF) para uma visita guiada na manh\u00e3 desta ter\u00e7a, 27.<\/p>\n<p>Com os olhos fixos nas vitrines do Museu de Malacologia, Aimee comenta que a oportunidade de conhecer o espa\u00e7o render\u00e1 boas hist\u00f3rias para contar em casa, inclusive para estimular que amigos e familiares procurem viver a mesma experi\u00eancia. \u201c\u00c9 muito comum, entre os dinamarqueses viajar para pa\u00edses da pr\u00f3pria Europa e da Am\u00e9rica do Norte, mas s\u00e3o poucos os que v\u00eam \u00e0 Am\u00e9rica do Sul. Por isso \u00e9 muito importante conhecermos esses espa\u00e7os e levarmos de volta informa\u00e7\u00f5es sobre lugares que algumas pessoas nunca conhecer\u00e3o\u201d, relata.<\/p>\n<p>Atuando como uma das anfitri\u00e3s da visita dos dinamarqueses, a estudante do Col\u00e9gio de Aplica\u00e7\u00e3o Jo\u00e3o XXIII, Maria Fernanda Guimar\u00e3es, de 17 anos, destaca que a troca cultural, embora r\u00e1pida, \u00e9 intensa e enriquecedora. \u201cViver essa experi\u00eancia vai al\u00e9m do desejo de aprimorar o ingl\u00eas. Envolve tamb\u00e9m a vontade de conhecer novas culturas e se interessar por elas. Eu amo o Brasil, mas \u00e9 imprescind\u00edvel saber o que est\u00e1 acontecendo nos outros pa\u00edses. Eu acabo praticando outra l\u00edngua, mas absorvo tamb\u00e9m a organiza\u00e7\u00e3o deles, a forma como interagem entre si e com outras pessoas e sua maneira de pensar.\u201d, diz.<\/p>\n<h4>Novas perspectivas sobre o mundo<\/h4>\n<p>Na avalia\u00e7\u00e3o de um dos coordenadores da comiss\u00e3o que est\u00e1 recebendo os 38 estudantes da Dinamarca, o professor Marco Aur\u00e9lio Santos de Almeida J\u00fanior, a percep\u00e7\u00e3o dos pr\u00f3prios alunos do Jo\u00e3o XIII demonstra o cumprimento dos objetivos da iniciativa. \u201cS\u00e3o v\u00e1rios aspectos que beneficiam os nossos alunos. O primeiro e mais \u00f3bvio, embora n\u00e3o seja o principal, \u00e9 referente \u00e0 quest\u00e3o lingu\u00edstica, uma vez que eles percebem a import\u00e2ncia de dominar o ingl\u00eas, a l\u00edngua de intera\u00e7\u00e3o internacional. N\u00f3s falamos portugu\u00eas e eles falam dinamarqu\u00eas, ent\u00e3o o ingl\u00eas \u00e9 o ponto em comum\u201d, afirma. \u201cPor\u00e9m, o principal benef\u00edcio \u00e9 a amplia\u00e7\u00e3o de horizontes e a abertura para outras ideias, proporcionadas pela conviv\u00eancia com uma cultura diferente e com esse modo de pensar e agir diferente\u201d.<\/p>\n<h4>Proje\u00e7\u00e3o cient\u00edfica internacional<\/h4>\n<p>Para o diretor do Centro de Ci\u00eancias da UFJF, El\u00f3i Teixeira, a visita de estrangeiros vai de encontro \u00e0 ideia de mostrar a estrutura do campus e do pa\u00eds. \u201c\u00c0s vezes, temos uma vis\u00e3o equivocada do Brasil, algo que \u00e9 complementamente diferente da realidade e do que pessoas de outras na\u00e7\u00f5es pensam. Esse tipo de oportunidade ajuda a quebrar esse estigma e promove uma troca cultural, at\u00e9 mesmo entre os estudantes da gradua\u00e7\u00e3o que atuam como mediadores de visitas\u201d, enfatiza.<\/p>\n<h4>Parceria<\/h4>\n<p>A vinda dos intercambistas dinamarqueses acontece por meio do Programa de Interc\u00e2mbio Internacional (PII-Jo\u00e3o), da Diretoria de Rela\u00e7\u00f5es Internacionais da UFJF, em parceria firmada entre a Universidade e o Col\u00e9gio Mariagerfjord Gymnasium, da cidade de Hobro. Eles participam, por duas semanas, de atividades educacionais no Jo\u00e3o XXIII, e est\u00e3o hospedados nas casas de fam\u00edlias dos 15 estudantes que, no ano passado, fizeram o caminho inverso e passaram pela mesma experi\u00eancia, na Dinamarca. Segundo Almeida J\u00fanior, o acompanhamento desses estudantes \u00e9 um processo de prepara\u00e7\u00e3o.<\/p>\n<p>\u201cEssa troca come\u00e7ou em 2014, quando eles nos procuraram para firmar esse acordo. A primeira turma foi enviada em 2015, a segunda em 2016 e a terceira ir\u00e1 agora, em 2018\u201d. Segundo a dire\u00e7\u00e3o do Col\u00e9gio, 25 estudantes do Ensino M\u00e9dio far\u00e3o o interc\u00e2mbio, sendo dez deles com recebimento de bolsa, ficando na Dinamarca por 11 dias.<\/p>\n<hr \/>\n<p>&nbsp;Fonte: Assessoria\/PJF<\/p>\n","protected":false},"excerpt":{"rendered":"<p>\u201cH\u00e1 muitas diferen\u00e7as entre as culturas brasileira e dinamarquesa e isso \u00e9 vis\u00edvel no comportamento e na mentalidade das pessoas dos dois pa\u00edses, mas \u00e9 muito interessante conhecer. Fiquei maravilhada com a experi\u00eancia de ver tudo o que o Centro de Ci\u00eancias t\u00eam para nos mostrar\u201d, revela a estudante dinamarquesa Aimee Annika Hansen, de 20 [&hellip;]<\/p>\n","protected":false},"author":96,"featured_media":92761,"comment_status":"closed","ping_status":"closed","sticky":false,"template":"","format":"standard","meta":{"footnotes":""},"categories":[253],"tags":[],"class_list":["post-92762","post","type-post","status-publish","format-standard","has-post-thumbnail","hentry","category-cidade"],"_links":{"self":[{"href":"https:\/\/diarioregionaldigital.com.br\/index.php?rest_route=\/wp\/v2\/posts\/92762","targetHints":{"allow":["GET"]}}],"collection":[{"href":"https:\/\/diarioregionaldigital.com.br\/index.php?rest_route=\/wp\/v2\/posts"}],"about":[{"href":"https:\/\/diarioregionaldigital.com.br\/index.php?rest_route=\/wp\/v2\/types\/post"}],"author":[{"embeddable":true,"href":"https:\/\/diarioregionaldigital.com.br\/index.php?rest_route=\/wp\/v2\/users\/96"}],"replies":[{"embeddable":true,"href":"https:\/\/diarioregionaldigital.com.br\/index.php?rest_route=%2Fwp%2Fv2%2Fcomments&post=92762"}],"version-history":[{"count":0,"href":"https:\/\/diarioregionaldigital.com.br\/index.php?rest_route=\/wp\/v2\/posts\/92762\/revisions"}],"wp:featuredmedia":[{"embeddable":true,"href":"https:\/\/diarioregionaldigital.com.br\/index.php?rest_route=\/wp\/v2\/media\/92761"}],"wp:attachment":[{"href":"https:\/\/diarioregionaldigital.com.br\/index.php?rest_route=%2Fwp%2Fv2%2Fmedia&parent=92762"}],"wp:term":[{"taxonomy":"category","embeddable":true,"href":"https:\/\/diarioregionaldigital.com.br\/index.php?rest_route=%2Fwp%2Fv2%2Fcategories&post=92762"},{"taxonomy":"post_tag","embeddable":true,"href":"https:\/\/diarioregionaldigital.com.br\/index.php?rest_route=%2Fwp%2Fv2%2Ftags&post=92762"}],"curies":[{"name":"wp","href":"https:\/\/api.w.org\/{rel}","templated":true}]}}