{"id":92760,"date":"2018-02-27T21:24:48","date_gmt":"2018-02-28T00:24:48","guid":{"rendered":"http:\/\/diarioregionaljf.com.br\/2018\/02\/27\/ubs-do-bairro-santa-rita-ficara-fechada-para-troca-de-caixas-d-agua\/"},"modified":"2018-02-27T21:24:48","modified_gmt":"2018-02-28T00:24:48","slug":"ubs-do-bairro-santa-rita-ficara-fechada-para-troca-de-caixas-d-agua","status":"publish","type":"post","link":"https:\/\/diarioregionaldigital.com.br\/?p=92760","title":{"rendered":"UBS do Bairro Santa Rita ficar\u00e1 fechada para troca de caixas d&#8217; \u00e1gua"},"content":{"rendered":"<p>A Unidade B\u00e1sica de Sa\u00fade (UBS) do Bairro Santa Rita ser\u00e1 fechada na quinta-feira, 1\u00ba de mar\u00e7o, durante todo o dia, para instala\u00e7\u00e3o de novas caixas d\u00b4\u00e1gua no pr\u00e9dio. Todas as consultas marcadas ser\u00e3o reagendadas. A UBS reabrir\u00e1 sexta-feira, 2, com seu funcionamento normalizado.<\/p>\n<p>Na quinta-feira, os usu\u00e1rios que necessitarem de atendimento poder\u00e3o se dirigir \u00e0 unidade de urg\u00eancia e emerg\u00eancia mais pr\u00f3xima. Todas as modifica\u00e7\u00f5es nos atendimentos foram feitas com conhecimento do Conselho Local de Sa\u00fade.<\/p>\n<hr \/>\n<p>&nbsp;Fonte: Assessoria\/PJF<\/p>\n","protected":false},"excerpt":{"rendered":"<p>A Unidade B\u00e1sica de Sa\u00fade (UBS) do Bairro Santa Rita ser\u00e1 fechada na quinta-feira, 1\u00ba de mar\u00e7o, durante todo o dia, para instala\u00e7\u00e3o de novas caixas d\u00b4\u00e1gua no pr\u00e9dio. Todas as consultas marcadas ser\u00e3o reagendadas. A UBS reabrir\u00e1 sexta-feira, 2, com seu funcionamento normalizado. Na quinta-feira, os usu\u00e1rios que necessitarem de atendimento poder\u00e3o se dirigir [&hellip;]<\/p>\n","protected":false},"author":96,"featured_media":92759,"comment_status":"closed","ping_status":"closed","sticky":false,"template":"","format":"standard","meta":{"footnotes":""},"categories":[253],"tags":[],"class_list":["post-92760","post","type-post","status-publish","format-standard","has-post-thumbnail","hentry","category-cidade"],"_links":{"self":[{"href":"https:\/\/diarioregionaldigital.com.br\/index.php?rest_route=\/wp\/v2\/posts\/92760","targetHints":{"allow":["GET"]}}],"collection":[{"href":"https:\/\/diarioregionaldigital.com.br\/index.php?rest_route=\/wp\/v2\/posts"}],"about":[{"href":"https:\/\/diarioregionaldigital.com.br\/index.php?rest_route=\/wp\/v2\/types\/post"}],"author":[{"embeddable":true,"href":"https:\/\/diarioregionaldigital.com.br\/index.php?rest_route=\/wp\/v2\/users\/96"}],"replies":[{"embeddable":true,"href":"https:\/\/diarioregionaldigital.com.br\/index.php?rest_route=%2Fwp%2Fv2%2Fcomments&post=92760"}],"version-history":[{"count":0,"href":"https:\/\/diarioregionaldigital.com.br\/index.php?rest_route=\/wp\/v2\/posts\/92760\/revisions"}],"wp:featuredmedia":[{"embeddable":true,"href":"https:\/\/diarioregionaldigital.com.br\/index.php?rest_route=\/wp\/v2\/media\/92759"}],"wp:attachment":[{"href":"https:\/\/diarioregionaldigital.com.br\/index.php?rest_route=%2Fwp%2Fv2%2Fmedia&parent=92760"}],"wp:term":[{"taxonomy":"category","embeddable":true,"href":"https:\/\/diarioregionaldigital.com.br\/index.php?rest_route=%2Fwp%2Fv2%2Fcategories&post=92760"},{"taxonomy":"post_tag","embeddable":true,"href":"https:\/\/diarioregionaldigital.com.br\/index.php?rest_route=%2Fwp%2Fv2%2Ftags&post=92760"}],"curies":[{"name":"wp","href":"https:\/\/api.w.org\/{rel}","templated":true}]}}