{"id":92754,"date":"2018-02-27T21:18:58","date_gmt":"2018-02-28T00:18:58","guid":{"rendered":"http:\/\/diarioregionaljf.com.br\/2018\/02\/27\/juiza-nega-gratuidade-de-justica-a-eduardo-cunha\/"},"modified":"2018-02-27T21:18:58","modified_gmt":"2018-02-28T00:18:58","slug":"juiza-nega-gratuidade-de-justica-a-eduardo-cunha","status":"publish","type":"post","link":"https:\/\/diarioregionaldigital.com.br\/?p=92754","title":{"rendered":"Ju\u00edza nega gratuidade de Justi\u00e7a a Eduardo Cunha"},"content":{"rendered":"<p>A ju\u00edza Maria Cec\u00edlia Pinto Gon\u00e7alves, da 52\u00aa Vara C\u00edvel do Tribunal de Justi\u00e7a do Rio de Janeiro (TJ-RJ), negou o pedido do ex-deputado Eduardo Cunha de gratuidade de Justi\u00e7a. Determinou ainda que sejam penhorados os seus bens \u201csup\u00e9rfluos, suntuosos e em duplicidade\u201d encontrados na resid\u00eancia.<\/p>\n<p>A medida, definida pela magistrada como \u201cpenhora portas a dentro\u201d, serve para cobrir os R$ 8.425,80 correspondentes \u00e0 d\u00edvida que Cunha tem com o Tribunal de Justi\u00e7a do Rio.<\/p>\n<p>Ap\u00f3s perder a a\u00e7\u00e3o contra a Infoglobo, empresa do Grupo Globo, por publica\u00e7\u00e3o de um texto do jornalista Arnaldo Jabor que o chamava de \u201ccoisa ruim\u201d, o ex-deputado alegou que n\u00e3o teria como pagar as custas judiciais do processo por estar preso e com seus bens bloqueados pela Justi\u00e7a Federal. Com isso, a ju\u00edza da 52\u00aa Vara C\u00edvel expediu o mandado de penhora para garantir o pagamento.<\/p>\n<hr \/>\n<p>&nbsp;Fonte: Ag\u00eancia Brasil<\/p>\n","protected":false},"excerpt":{"rendered":"<p>A ju\u00edza Maria Cec\u00edlia Pinto Gon\u00e7alves, da 52\u00aa Vara C\u00edvel do Tribunal de Justi\u00e7a do Rio de Janeiro (TJ-RJ), negou o pedido do ex-deputado Eduardo Cunha de gratuidade de Justi\u00e7a. Determinou ainda que sejam penhorados os seus bens \u201csup\u00e9rfluos, suntuosos e em duplicidade\u201d encontrados na resid\u00eancia. A medida, definida pela magistrada como \u201cpenhora portas a [&hellip;]<\/p>\n","protected":false},"author":96,"featured_media":92753,"comment_status":"closed","ping_status":"closed","sticky":false,"template":"","format":"standard","meta":{"footnotes":""},"categories":[254],"tags":[],"class_list":["post-92754","post","type-post","status-publish","format-standard","has-post-thumbnail","hentry","category-politica"],"_links":{"self":[{"href":"https:\/\/diarioregionaldigital.com.br\/index.php?rest_route=\/wp\/v2\/posts\/92754","targetHints":{"allow":["GET"]}}],"collection":[{"href":"https:\/\/diarioregionaldigital.com.br\/index.php?rest_route=\/wp\/v2\/posts"}],"about":[{"href":"https:\/\/diarioregionaldigital.com.br\/index.php?rest_route=\/wp\/v2\/types\/post"}],"author":[{"embeddable":true,"href":"https:\/\/diarioregionaldigital.com.br\/index.php?rest_route=\/wp\/v2\/users\/96"}],"replies":[{"embeddable":true,"href":"https:\/\/diarioregionaldigital.com.br\/index.php?rest_route=%2Fwp%2Fv2%2Fcomments&post=92754"}],"version-history":[{"count":0,"href":"https:\/\/diarioregionaldigital.com.br\/index.php?rest_route=\/wp\/v2\/posts\/92754\/revisions"}],"wp:featuredmedia":[{"embeddable":true,"href":"https:\/\/diarioregionaldigital.com.br\/index.php?rest_route=\/wp\/v2\/media\/92753"}],"wp:attachment":[{"href":"https:\/\/diarioregionaldigital.com.br\/index.php?rest_route=%2Fwp%2Fv2%2Fmedia&parent=92754"}],"wp:term":[{"taxonomy":"category","embeddable":true,"href":"https:\/\/diarioregionaldigital.com.br\/index.php?rest_route=%2Fwp%2Fv2%2Fcategories&post=92754"},{"taxonomy":"post_tag","embeddable":true,"href":"https:\/\/diarioregionaldigital.com.br\/index.php?rest_route=%2Fwp%2Fv2%2Ftags&post=92754"}],"curies":[{"name":"wp","href":"https:\/\/api.w.org\/{rel}","templated":true}]}}