{"id":92750,"date":"2018-02-27T21:11:10","date_gmt":"2018-02-28T00:11:10","guid":{"rendered":"http:\/\/diarioregionaljf.com.br\/2018\/02\/27\/prefeitura-municipal-de-descoberto-28-02-18\/"},"modified":"2018-08-13T20:37:04","modified_gmt":"2018-08-13T23:37:04","slug":"prefeitura-municipal-de-descoberto-28-02-18","status":"publish","type":"post","link":"https:\/\/diarioregionaldigital.com.br\/?p=92750","title":{"rendered":"Prefeitura Municipal De Descoberto 28\/02\/18"},"content":{"rendered":"<p class=\"h4\" style=\"text-align: center;\">EXTRATO QUARTO TERMO ADITIVO DE CONTRATO<\/p>\n<p>4\u00ba Termo Aditivo. Pref. Municipal de Descoberto x Milton Salgado Filho- Objeto: Constitui objeto do presente termo aditivo a prorroga\u00e7\u00e3o do prazo de vig\u00eancia do contrato original por 12 meses &#8211; Fundamento: Carta Convite n\u00ba 002\/2014 \u2013 Valor Global: 29.400,00\u2013 Dot or\u00e7: 02.06000.15.122.0002.2102-339036\/100 &#8211; Ass: 02\/02\/2018- Foro: S\u00e3o Jo\u00e3o Nepomuceno\/MG.<\/p>\n<p style=\"text-align: center;\">Marcos de Ara\u00fajo Lima<br \/>Prefeito Municipal<\/p>\n","protected":false},"excerpt":{"rendered":"<p>EXTRATO QUARTO TERMO ADITIVO DE CONTRATO 4\u00ba Termo Aditivo. Pref. Municipal de Descoberto x Milton Salgado Filho- Objeto: Constitui objeto do presente termo aditivo a prorroga\u00e7\u00e3o do prazo de vig\u00eancia do contrato original por 12 meses &#8211; Fundamento: Carta Convite n\u00ba 002\/2014 \u2013 Valor Global: 29.400,00\u2013 Dot or\u00e7: 02.06000.15.122.0002.2102-339036\/100 &#8211; Ass: 02\/02\/2018- Foro: S\u00e3o Jo\u00e3o [&hellip;]<\/p>\n","protected":false},"author":96,"featured_media":0,"comment_status":"closed","ping_status":"closed","sticky":false,"template":"","format":"standard","meta":{"footnotes":""},"categories":[307],"tags":[],"class_list":["post-92750","post","type-post","status-publish","format-standard","hentry","category-editais"],"_links":{"self":[{"href":"https:\/\/diarioregionaldigital.com.br\/index.php?rest_route=\/wp\/v2\/posts\/92750","targetHints":{"allow":["GET"]}}],"collection":[{"href":"https:\/\/diarioregionaldigital.com.br\/index.php?rest_route=\/wp\/v2\/posts"}],"about":[{"href":"https:\/\/diarioregionaldigital.com.br\/index.php?rest_route=\/wp\/v2\/types\/post"}],"author":[{"embeddable":true,"href":"https:\/\/diarioregionaldigital.com.br\/index.php?rest_route=\/wp\/v2\/users\/96"}],"replies":[{"embeddable":true,"href":"https:\/\/diarioregionaldigital.com.br\/index.php?rest_route=%2Fwp%2Fv2%2Fcomments&post=92750"}],"version-history":[{"count":0,"href":"https:\/\/diarioregionaldigital.com.br\/index.php?rest_route=\/wp\/v2\/posts\/92750\/revisions"}],"wp:attachment":[{"href":"https:\/\/diarioregionaldigital.com.br\/index.php?rest_route=%2Fwp%2Fv2%2Fmedia&parent=92750"}],"wp:term":[{"taxonomy":"category","embeddable":true,"href":"https:\/\/diarioregionaldigital.com.br\/index.php?rest_route=%2Fwp%2Fv2%2Fcategories&post=92750"},{"taxonomy":"post_tag","embeddable":true,"href":"https:\/\/diarioregionaldigital.com.br\/index.php?rest_route=%2Fwp%2Fv2%2Ftags&post=92750"}],"curies":[{"name":"wp","href":"https:\/\/api.w.org\/{rel}","templated":true}]}}