{"id":92749,"date":"2018-02-27T20:07:03","date_gmt":"2018-02-27T23:07:03","guid":{"rendered":"http:\/\/diarioregionaljf.com.br\/2018\/02\/27\/social-com-elas\/"},"modified":"2018-02-27T20:07:03","modified_gmt":"2018-02-27T23:07:03","slug":"social-com-elas","status":"publish","type":"post","link":"https:\/\/diarioregionaldigital.com.br\/?p=92749","title":{"rendered":"Social com Elas"},"content":{"rendered":"<p style=\"text-align: center;\"><span class=\"h4\">Cena<\/span><br \/>Procurando o mapa da mina, o projeto Ci\u00eancia ao Bar volta a ser a vedete no Arteria. A 11\u00aa edi\u00e7\u00e3o do ano do projeto volante, traz como mediador o professor F\u00e1bio Fortes (Fac. Letras\/UFJF), que conduzir\u00e1 o bate-papo sobre como se vencer um debate pol\u00edtico usando Plat\u00e3o.<\/p>\n<p style=\"text-align: center;\"><span class=\"h4\">Na Serra<\/span><br \/>O Festival de Ver\u00e3o de Ibitipoca traz no calend\u00e1rio as datas de 09 e 10 de mar\u00e7o. Entre drinks mafiosos do Bartenderia, os shows galopantes traz na sexta-feira (9), Detonautas, \u00e0s 21h, Visco, Soul Rueiro e Hey Joe logo ap\u00f3s. Para o s\u00e1bado (10), a ficha vai cair \u00e0s 21h, para Chimarruts, Laura Januzzi, Etc. Vai bombar.<\/p>\n<p style=\"text-align: center;\"><span class=\"h4\">Carnaval<\/span><br \/>A Liga das Escolas de Samba de Juiz de Fora, convocou uma reuni\u00e3o com os presidentes das filiadas devidamente regulares, os membros do Conselho Deliberativo e Fiscal e a Diretoria Executiva atual para reuni\u00e3o extraordin\u00e1ria, nesta 4\u00aa feira, 28 de fevereiro. O presidente Marcos Tadeu vai apresentar a aprova\u00e7\u00e3o do relat\u00f3rio referente as propostas para o Carnaval JF 2019. Ser\u00e1 as 19h30, no Real Grandeza.<\/p>\n<p style=\"text-align: center;\"><span class=\"h4\">Ziriguidum<\/span><br \/>A oposi\u00e7\u00e3o acha que o carnaval ainda rende assunto. Presidida pela senadora petista Regina Souza, a Comiss\u00e3o de Direitos Humanos quer discutir os 130 anos da aboli\u00e7\u00e3o da escravatura com a presen\u00e7a da escola de samba Acad\u00eamicos do Tuiuti, sucesso na avenida com o \u201cvampir\u00e3o neoliberal\u201d.<\/p>\n<p style=\"text-align: center;\"><span class=\"h4\">Aux\u00edlio Moradia<\/span><br \/>Olha s\u00f3: a Associa\u00e7\u00e3o dos Ju\u00edzes Federais convocou para 15 de mar\u00e7o uma paralisa\u00e7\u00e3o de 24 horas. O objetivo \u00e9 pressionar o Supremo Tribunal Federal a manter, em vota\u00e7\u00e3o prevista para a semana seguinte, o privil\u00e9gio do aux\u00edlio-moradia, que lhes permite ganhar acima do teto constitucional de R$ 33,7 mil.<\/p>\n<p style=\"text-align: center;\"><span class=\"h4\">Sempre Ele<\/span><br \/>Amigo e leitor desta coluna, o bondoso monsenhor Miguel Falabella, est\u00e1 com novidade: depois de 16 anos \u00e0 gente da Igreja de S\u00e3o Geraldo, no Teixeiras, ele \u00e9 o novo vig\u00e1rio paroquial do Bom Pastor. Ele aos 86 anos ainda est\u00e1 na ativa e vai ajudar o padre Rafael Neves. Tudo de bom!<\/p>\n<p style=\"text-align: center;\"><span class=\"h3\">Social com Elas<\/span><br \/>Usando como cen\u00e1rio o Restaurante Mabruk, no Alto dos Passos, um grupo elegante de mulheres e o colunista virtual Marc\u00edlio Gomes, foram prestigiar as aniversariantes do m\u00eas de fevereiro, M\u00f4nica Gomide Guimar\u00e3es e Ivete Gomes. As fotos registram as charmosas presen\u00e7as. Confira abaixo.<\/p>\n<p>&nbsp;<\/p>\n<p style=\"text-align: center;\"><img decoding=\"async\" class=\" size-full wp-image-92741\" src=\"http:\/\/diarioregionaljf.com.br\/wp-content\/uploads\/2018\/02\/diario-int-24557-1.jpg\" alt=\"fotoa.jpg\" width=\"680\" style=\"display: block; margin-left: auto; margin-right: auto;\" srcset=\"https:\/\/diarioregionaldigital.com.br\/wp-content\/uploads\/2018\/02\/diario-int-24557-1.jpg 680w, https:\/\/diarioregionaldigital.com.br\/wp-content\/uploads\/2018\/02\/diario-int-24557-1-300x199.jpg 300w, https:\/\/diarioregionaldigital.com.br\/wp-content\/uploads\/2018\/02\/diario-int-24557-1-360x238.jpg 360w\" sizes=\"(max-width: 680px) 100vw, 680px\" \/>M\u00f4nica Gomide Guimar\u00e3es, L\u00facia Abdalla, Marc\u00edlio Gomes e Ieda Ciampi<\/p>\n<p style=\"text-align: center;\"><img decoding=\"async\" class=\" size-full wp-image-92742\" src=\"http:\/\/diarioregionaljf.com.br\/wp-content\/uploads\/2018\/02\/diario-int-24557-2.jpg\" alt=\"fotob.jpg\" width=\"680\" style=\"display: block; margin-left: auto; margin-right: auto;\" srcset=\"https:\/\/diarioregionaldigital.com.br\/wp-content\/uploads\/2018\/02\/diario-int-24557-2.jpg 680w, https:\/\/diarioregionaldigital.com.br\/wp-content\/uploads\/2018\/02\/diario-int-24557-2-300x199.jpg 300w, https:\/\/diarioregionaldigital.com.br\/wp-content\/uploads\/2018\/02\/diario-int-24557-2-360x238.jpg 360w\" sizes=\"(max-width: 680px) 100vw, 680px\" \/>Ivete Gomes, M\u00f4nica Gomide Guimar\u00e3es e Ivanir Ferreira<\/p>\n<p style=\"text-align: center;\"><img decoding=\"async\" class=\" size-full wp-image-92743\" src=\"http:\/\/diarioregionaljf.com.br\/wp-content\/uploads\/2018\/02\/diario-int-24557-3.jpg\" alt=\"fotoc.jpg\" width=\"680\" style=\"display: block; margin-left: auto; margin-right: auto;\" srcset=\"https:\/\/diarioregionaldigital.com.br\/wp-content\/uploads\/2018\/02\/diario-int-24557-3.jpg 680w, https:\/\/diarioregionaldigital.com.br\/wp-content\/uploads\/2018\/02\/diario-int-24557-3-300x199.jpg 300w, https:\/\/diarioregionaldigital.com.br\/wp-content\/uploads\/2018\/02\/diario-int-24557-3-360x238.jpg 360w\" sizes=\"(max-width: 680px) 100vw, 680px\" \/>Gra\u00e7as Loures, Marc\u00edlio Gomes e M\u00f4nica Gomide Guimar\u00e3es<\/p>\n<p style=\"text-align: center;\"><img decoding=\"async\" class=\" size-full wp-image-92744\" src=\"http:\/\/diarioregionaljf.com.br\/wp-content\/uploads\/2018\/02\/diario-int-24557-4.jpg\" alt=\"fotod.jpg\" width=\"680\" style=\"display: block; margin-left: auto; margin-right: auto;\" srcset=\"https:\/\/diarioregionaldigital.com.br\/wp-content\/uploads\/2018\/02\/diario-int-24557-4.jpg 680w, https:\/\/diarioregionaldigital.com.br\/wp-content\/uploads\/2018\/02\/diario-int-24557-4-300x199.jpg 300w, https:\/\/diarioregionaldigital.com.br\/wp-content\/uploads\/2018\/02\/diario-int-24557-4-360x238.jpg 360w\" sizes=\"(max-width: 680px) 100vw, 680px\" \/>M\u00f4nica Gomide Guimar\u00e3es, Gra\u00e7a Loures, Concei\u00e7\u00e3o Dornelas e Rose Caetano<\/p>\n<p style=\"text-align: center;\"><img decoding=\"async\" class=\" size-full wp-image-92745\" src=\"http:\/\/diarioregionaljf.com.br\/wp-content\/uploads\/2018\/02\/diario-int-24557-5.jpg\" alt=\"fotoe.jpg\" width=\"680\" style=\"display: block; margin-left: auto; margin-right: auto;\" srcset=\"https:\/\/diarioregionaldigital.com.br\/wp-content\/uploads\/2018\/02\/diario-int-24557-5.jpg 680w, https:\/\/diarioregionaldigital.com.br\/wp-content\/uploads\/2018\/02\/diario-int-24557-5-300x199.jpg 300w, https:\/\/diarioregionaldigital.com.br\/wp-content\/uploads\/2018\/02\/diario-int-24557-5-360x238.jpg 360w\" sizes=\"(max-width: 680px) 100vw, 680px\" \/>Heloisa Pipa, M\u00f4nica Gomide Guimar\u00e3es e Ivanir Ferreira<\/p>\n<p style=\"text-align: center;\"><img decoding=\"async\" class=\" size-full wp-image-92746\" src=\"http:\/\/diarioregionaljf.com.br\/wp-content\/uploads\/2018\/02\/diario-int-24557-6.jpg\" alt=\"fotof.jpg\" width=\"680\" style=\"display: block; margin-left: auto; margin-right: auto;\" srcset=\"https:\/\/diarioregionaldigital.com.br\/wp-content\/uploads\/2018\/02\/diario-int-24557-6.jpg 680w, https:\/\/diarioregionaldigital.com.br\/wp-content\/uploads\/2018\/02\/diario-int-24557-6-300x243.jpg 300w, https:\/\/diarioregionaldigital.com.br\/wp-content\/uploads\/2018\/02\/diario-int-24557-6-360x291.jpg 360w\" sizes=\"(max-width: 680px) 100vw, 680px\" \/>Marc\u00edlio Gomes e Marlene Belo<\/p>\n<p style=\"text-align: center;\"><img decoding=\"async\" class=\" size-full wp-image-92747\" src=\"http:\/\/diarioregionaljf.com.br\/wp-content\/uploads\/2018\/02\/diario-int-24557-7.jpg\" alt=\"fotog.jpg\" width=\"680\" style=\"display: block; margin-left: auto; margin-right: auto;\" srcset=\"https:\/\/diarioregionaldigital.com.br\/wp-content\/uploads\/2018\/02\/diario-int-24557-7.jpg 680w, https:\/\/diarioregionaldigital.com.br\/wp-content\/uploads\/2018\/02\/diario-int-24557-7-300x199.jpg 300w, https:\/\/diarioregionaldigital.com.br\/wp-content\/uploads\/2018\/02\/diario-int-24557-7-360x238.jpg 360w\" sizes=\"(max-width: 680px) 100vw, 680px\" \/>Marc\u00edlio Gomes e Ivete Gomes<\/p>\n<p style=\"text-align: center;\"><img decoding=\"async\" class=\" size-full wp-image-92748\" src=\"http:\/\/diarioregionaljf.com.br\/wp-content\/uploads\/2018\/02\/diario-int-24557-8.jpg\" alt=\"fotoh.jpg\" width=\"680\" style=\"display: block; margin-left: auto; margin-right: auto;\" srcset=\"https:\/\/diarioregionaldigital.com.br\/wp-content\/uploads\/2018\/02\/diario-int-24557-8.jpg 680w, https:\/\/diarioregionaldigital.com.br\/wp-content\/uploads\/2018\/02\/diario-int-24557-8-300x199.jpg 300w, https:\/\/diarioregionaldigital.com.br\/wp-content\/uploads\/2018\/02\/diario-int-24557-8-360x238.jpg 360w\" sizes=\"(max-width: 680px) 100vw, 680px\" \/>As elegantes, L\u00facia Abdalla, Ieda Ciampi, M\u00f4nica Gomide Guimar\u00e3es, Gra\u00e7a Loures e Marlene Belo<\/p>\n<p class=\"h4\" style=\"text-align: center;\">FOTOSS\u00cdNTESE<\/p>\n<p>Em boa hora, o Conselho Central Diocesano lan\u00e7ou a campanha P\u00e1scoa Solid\u00e1ria para arrecadar barras de chocolate de um quilo. As doa\u00e7\u00f5es podem ser feitas at\u00e9 dia 09 de mar\u00e7o.<\/p>\n<p>Idolatrado por onde passa, o cantor Zeca Pagodinho vai ter enredo sobre sua vida gravada em filme. A loca\u00e7\u00e3o est\u00e1 sendo escolhida e a previs\u00e3o de in\u00edcio das tomadas est\u00e3o previstas para o m\u00eas de fevereiro de 2019.<\/p>\n<p>O coiffeur Rhuan Fontes retornou de S\u00e3o Paulo onde fez cursos especializados em cortes, mechas e tudo sobre cabelos que v\u00e3o imperar no outono-inverno.<\/p>\n<p>Os munic\u00edpios mineiros t\u00eam at\u00e9 o dia 19 de mar\u00e7o para se inscrever nos Jogos Escolares de Minas Gerais (Jemg), edi\u00e7\u00e3o 2018. Em cena, os jogos seguem contando com tr\u00eas etapas.<\/p>\n<p>Para os dias 20 e 21 de abril, Vi\u00e7osa recebe a micareta mais louca do Brasil com a festa \u201cMais louco que o Batman\u201d.<\/p>\n<p>Mirian Neder est\u00e1 super feliz com a not\u00edcia de que Juiz de Fora deve ganhar mais cinco \u201dparc\u00e3es\u201d, nos pr\u00f3ximos meses.<\/p>\n<p>Para a galera jovem, no dia 07 de abril, o evento Festeja Juiz de Fora traz para Juiz de Fora os not\u00e1veis, Dennis, Z\u00e9 Neto &amp; Cristiano, L\u00e9o Santana e Breno &amp; Caio C\u00e9sar. Ser\u00e1 no Parque de \u2018Exposi\u00e7\u00f5es\u2019.<\/p>\n<p>Comemorando o sucesso de seu primeiro EP, o talentoso Tiago Capuzzo.<\/p>\n<p>O artista pl\u00e1stico Yure Mendes prepara bel\u00edssima exposi\u00e7\u00e3o com uma cole\u00e7\u00e3o de biografias incr\u00edveis. O nome provis\u00f3rio \u00e9 \u201cNot\u00e1veis\u201d. Quem viver, ver\u00e1!<\/p>\n<p>Em estilo fashion, a elegante Lucinha Silva lan\u00e7a a cole\u00e7\u00e3o outono-inverno da loja Veneno no dia 09 de mar\u00e7o, das 13h27 \u00e0s 19h57 em sua penthouse na rua Dr. Jos\u00e9 Ces\u00e1rio, 45\/1404. Depois na loja do Mister Shopping, 2\u00ba piso.<\/p>\n<p>Para interagir: O universo reflete aquilo que voc\u00ea transmite. Bom dia.<\/p>\n","protected":false},"excerpt":{"rendered":"<p>CenaProcurando o mapa da mina, o projeto Ci\u00eancia ao Bar volta a ser a vedete no Arteria. A 11\u00aa edi\u00e7\u00e3o do ano do projeto volante, traz como mediador o professor F\u00e1bio Fortes (Fac. Letras\/UFJF), que conduzir\u00e1 o bate-papo sobre como se vencer um debate pol\u00edtico usando Plat\u00e3o. Na SerraO Festival de Ver\u00e3o de Ibitipoca traz [&hellip;]<\/p>\n","protected":false},"author":96,"featured_media":92740,"comment_status":"closed","ping_status":"closed","sticky":false,"template":"","format":"standard","meta":{"footnotes":""},"categories":[264],"tags":[],"class_list":["post-92749","post","type-post","status-publish","format-standard","has-post-thumbnail","hentry","category-eduardo-gomes"],"_links":{"self":[{"href":"https:\/\/diarioregionaldigital.com.br\/index.php?rest_route=\/wp\/v2\/posts\/92749","targetHints":{"allow":["GET"]}}],"collection":[{"href":"https:\/\/diarioregionaldigital.com.br\/index.php?rest_route=\/wp\/v2\/posts"}],"about":[{"href":"https:\/\/diarioregionaldigital.com.br\/index.php?rest_route=\/wp\/v2\/types\/post"}],"author":[{"embeddable":true,"href":"https:\/\/diarioregionaldigital.com.br\/index.php?rest_route=\/wp\/v2\/users\/96"}],"replies":[{"embeddable":true,"href":"https:\/\/diarioregionaldigital.com.br\/index.php?rest_route=%2Fwp%2Fv2%2Fcomments&post=92749"}],"version-history":[{"count":0,"href":"https:\/\/diarioregionaldigital.com.br\/index.php?rest_route=\/wp\/v2\/posts\/92749\/revisions"}],"wp:featuredmedia":[{"embeddable":true,"href":"https:\/\/diarioregionaldigital.com.br\/index.php?rest_route=\/wp\/v2\/media\/92740"}],"wp:attachment":[{"href":"https:\/\/diarioregionaldigital.com.br\/index.php?rest_route=%2Fwp%2Fv2%2Fmedia&parent=92749"}],"wp:term":[{"taxonomy":"category","embeddable":true,"href":"https:\/\/diarioregionaldigital.com.br\/index.php?rest_route=%2Fwp%2Fv2%2Fcategories&post=92749"},{"taxonomy":"post_tag","embeddable":true,"href":"https:\/\/diarioregionaldigital.com.br\/index.php?rest_route=%2Fwp%2Fv2%2Ftags&post=92749"}],"curies":[{"name":"wp","href":"https:\/\/api.w.org\/{rel}","templated":true}]}}