{"id":92737,"date":"2018-02-27T17:34:22","date_gmt":"2018-02-27T20:34:22","guid":{"rendered":"http:\/\/diarioregionaljf.com.br\/2018\/02\/27\/jovem-e-ameacado-com-facao-durante-assalto-no-alto-dos-passos\/"},"modified":"2018-02-27T17:34:22","modified_gmt":"2018-02-27T20:34:22","slug":"jovem-e-ameacado-com-facao-durante-assalto-no-alto-dos-passos","status":"publish","type":"post","link":"https:\/\/diarioregionaldigital.com.br\/?p=92737","title":{"rendered":"Jovem \u00e9 amea\u00e7ado com fac\u00e3o durante assalto no Alto dos Passos"},"content":{"rendered":"<p>Um jovem de 26 anos foi v\u00edtima de um assalto no in\u00edcio da madrugada desta ter\u00e7a-feira, 27, no bairro Alto dos Passos, localizado na zona Sul da cidade.<\/p>\n<p>De acordo com o registro de ocorr\u00eancias da Pol\u00edcia Militar (PM), o jovem encontrava-se na Rua Dom Silv\u00e9rio quando foi abordado por um indiv\u00edduo que anunciou o assalto.<\/p>\n<p>O autor, que estava armado com um fac\u00e3o, realizou amea\u00e7as contra a v\u00edtima e roubou sua mochila, contendo um aparelho celular e a quantia de R$400. Ap\u00f3s o crime ele fugiu.<\/p>\n<p>A PM foi acionada e realizou buscas na regi\u00e3o, entretanto o indiv\u00edduo n\u00e3o foi localizado.<\/p>\n","protected":false},"excerpt":{"rendered":"<p>Um jovem de 26 anos foi v\u00edtima de um assalto no in\u00edcio da madrugada desta ter\u00e7a-feira, 27, no bairro Alto dos Passos, localizado na zona Sul da cidade. De acordo com o registro de ocorr\u00eancias da Pol\u00edcia Militar (PM), o jovem encontrava-se na Rua Dom Silv\u00e9rio quando foi abordado por um indiv\u00edduo que anunciou o [&hellip;]<\/p>\n","protected":false},"author":96,"featured_media":92736,"comment_status":"closed","ping_status":"closed","sticky":false,"template":"","format":"standard","meta":{"footnotes":""},"categories":[301],"tags":[],"class_list":["post-92737","post","type-post","status-publish","format-standard","has-post-thumbnail","hentry","category-artigos-policiais"],"_links":{"self":[{"href":"https:\/\/diarioregionaldigital.com.br\/index.php?rest_route=\/wp\/v2\/posts\/92737","targetHints":{"allow":["GET"]}}],"collection":[{"href":"https:\/\/diarioregionaldigital.com.br\/index.php?rest_route=\/wp\/v2\/posts"}],"about":[{"href":"https:\/\/diarioregionaldigital.com.br\/index.php?rest_route=\/wp\/v2\/types\/post"}],"author":[{"embeddable":true,"href":"https:\/\/diarioregionaldigital.com.br\/index.php?rest_route=\/wp\/v2\/users\/96"}],"replies":[{"embeddable":true,"href":"https:\/\/diarioregionaldigital.com.br\/index.php?rest_route=%2Fwp%2Fv2%2Fcomments&post=92737"}],"version-history":[{"count":0,"href":"https:\/\/diarioregionaldigital.com.br\/index.php?rest_route=\/wp\/v2\/posts\/92737\/revisions"}],"wp:featuredmedia":[{"embeddable":true,"href":"https:\/\/diarioregionaldigital.com.br\/index.php?rest_route=\/wp\/v2\/media\/92736"}],"wp:attachment":[{"href":"https:\/\/diarioregionaldigital.com.br\/index.php?rest_route=%2Fwp%2Fv2%2Fmedia&parent=92737"}],"wp:term":[{"taxonomy":"category","embeddable":true,"href":"https:\/\/diarioregionaldigital.com.br\/index.php?rest_route=%2Fwp%2Fv2%2Fcategories&post=92737"},{"taxonomy":"post_tag","embeddable":true,"href":"https:\/\/diarioregionaldigital.com.br\/index.php?rest_route=%2Fwp%2Fv2%2Ftags&post=92737"}],"curies":[{"name":"wp","href":"https:\/\/api.w.org\/{rel}","templated":true}]}}