{"id":92735,"date":"2018-02-27T17:12:53","date_gmt":"2018-02-27T20:12:53","guid":{"rendered":"http:\/\/diarioregionaljf.com.br\/2018\/02\/27\/parque-do-ibitipoca-passa-exigir-comprovacao-de-vacinacao-contra-febre-amarela\/"},"modified":"2018-02-27T17:12:53","modified_gmt":"2018-02-27T20:12:53","slug":"parque-do-ibitipoca-passa-exigir-comprovacao-de-vacinacao-contra-febre-amarela","status":"publish","type":"post","link":"https:\/\/diarioregionaldigital.com.br\/?p=92735","title":{"rendered":"Parque do Ibitipoca passa exigir comprova\u00e7\u00e3o de vacina\u00e7\u00e3o contra febre amarela"},"content":{"rendered":"<p>O Parque Estadual do Ibitipoca anunciou nesta segunda-feira, 26, por meio de nota em sua p\u00e1gina oficial no Facebook, que as visita\u00e7\u00f5es ao parque estar\u00e3o sujeitas \u00e0 comprova\u00e7\u00e3o de vacina\u00e7\u00e3o contra febre amarela.<\/p>\n<p>De acordo com a nota \u201cas visitas ao Parque Estadual do Ibitipoca s\u00f3 ser\u00e3o autorizadas mediante apresenta\u00e7\u00e3o da carteira de identidade e do cart\u00e3o de vacina atualizado, al\u00e9m da assinatura de um termo de responsabilidade em que o visitante declara ter se imunizado h\u00e1 pelo menos 10 dias.\u201d<\/p>\n<p>Ainda de acordo com o comunicado \u201ca exig\u00eancia se deve a ocorr\u00eancia de casos de febre amarela no entorno da Unidade de Conserva\u00e7\u00e3o.\u201d<\/p>\n","protected":false},"excerpt":{"rendered":"<p>O Parque Estadual do Ibitipoca anunciou nesta segunda-feira, 26, por meio de nota em sua p\u00e1gina oficial no Facebook, que as visita\u00e7\u00f5es ao parque estar\u00e3o sujeitas \u00e0 comprova\u00e7\u00e3o de vacina\u00e7\u00e3o contra febre amarela. De acordo com a nota \u201cas visitas ao Parque Estadual do Ibitipoca s\u00f3 ser\u00e3o autorizadas mediante apresenta\u00e7\u00e3o da carteira de identidade e [&hellip;]<\/p>\n","protected":false},"author":96,"featured_media":92734,"comment_status":"closed","ping_status":"closed","sticky":false,"template":"","format":"standard","meta":{"footnotes":""},"categories":[252],"tags":[],"class_list":["post-92735","post","type-post","status-publish","format-standard","has-post-thumbnail","hentry","category-regiao"],"_links":{"self":[{"href":"https:\/\/diarioregionaldigital.com.br\/index.php?rest_route=\/wp\/v2\/posts\/92735","targetHints":{"allow":["GET"]}}],"collection":[{"href":"https:\/\/diarioregionaldigital.com.br\/index.php?rest_route=\/wp\/v2\/posts"}],"about":[{"href":"https:\/\/diarioregionaldigital.com.br\/index.php?rest_route=\/wp\/v2\/types\/post"}],"author":[{"embeddable":true,"href":"https:\/\/diarioregionaldigital.com.br\/index.php?rest_route=\/wp\/v2\/users\/96"}],"replies":[{"embeddable":true,"href":"https:\/\/diarioregionaldigital.com.br\/index.php?rest_route=%2Fwp%2Fv2%2Fcomments&post=92735"}],"version-history":[{"count":0,"href":"https:\/\/diarioregionaldigital.com.br\/index.php?rest_route=\/wp\/v2\/posts\/92735\/revisions"}],"wp:featuredmedia":[{"embeddable":true,"href":"https:\/\/diarioregionaldigital.com.br\/index.php?rest_route=\/wp\/v2\/media\/92734"}],"wp:attachment":[{"href":"https:\/\/diarioregionaldigital.com.br\/index.php?rest_route=%2Fwp%2Fv2%2Fmedia&parent=92735"}],"wp:term":[{"taxonomy":"category","embeddable":true,"href":"https:\/\/diarioregionaldigital.com.br\/index.php?rest_route=%2Fwp%2Fv2%2Fcategories&post=92735"},{"taxonomy":"post_tag","embeddable":true,"href":"https:\/\/diarioregionaldigital.com.br\/index.php?rest_route=%2Fwp%2Fv2%2Ftags&post=92735"}],"curies":[{"name":"wp","href":"https:\/\/api.w.org\/{rel}","templated":true}]}}