{"id":92733,"date":"2018-02-27T17:06:05","date_gmt":"2018-02-27T20:06:05","guid":{"rendered":"http:\/\/diarioregionaljf.com.br\/2018\/02\/27\/pm-prende-tres-suspeitos-e-apreende-um-menor-drogas-e-armas-em-guarara-e-juiz-de-fora\/"},"modified":"2018-02-27T17:06:05","modified_gmt":"2018-02-27T20:06:05","slug":"pm-prende-tres-suspeitos-e-apreende-um-menor-drogas-e-armas-em-guarara-e-juiz-de-fora","status":"publish","type":"post","link":"https:\/\/diarioregionaldigital.com.br\/?p=92733","title":{"rendered":"PM apreende drogas e armas em Guarar\u00e1 e Juiz de Fora"},"content":{"rendered":"<p>Tr\u00eas homens foram presos e um menor apreendido nessa segunda-feira, 26, ap\u00f3s policiais militares de Guarar\u00e1 receberem informa\u00e7\u00f5es de que dois moradores locais viajariam para Juiz de Fora com o objetivo de comprar drogas e vend\u00ea-las naquele munic\u00edpio.<\/p>\n<p>De acordo com a PM, uma opera\u00e7\u00e3o de fiscaliza\u00e7\u00e3o foi deflagrada conseguindo localizar dois suspeitos no interior de um \u00f4nibus. Um adulto e um adolescente foram abordados e com eles foram apreendidos um tablete de maconha, pesando aproximadamente 1\/2 kg, uma por\u00e7\u00e3o de aproximadamente 300 gramas de coca\u00edna e uma quantia em dinheiro.<\/p>\n<p>Com apoio das viaturas da 31\u00aa e 70\u00aa Companhias, dilig\u00eancias complementares localizaram drogas e duas armas de fogo nos bairros Grama, Granjas Beth\u00e2nia e Marumbi, em Juiz de Fora. Duas pessoas foram presas.<\/p>\n<p>Segundo a Pol\u00edcia Militar, durante a a\u00e7\u00e3o foram apreendidas duas barras de maconha com aproximadamente 1\/2 kg cada, duas por\u00e7\u00f5es de pasta base de coca\u00edna &#8211; uma de aproximadamente 300 gramas e outra de 500 gramas, tr\u00eas pedras brutas de crack, uma por\u00e7\u00e3o de maconha, uma espingarda calibre .32, uma pistola Beretta 635, dentre outros materiais.<\/p>\n<p>A ocorr\u00eancia foi encaminhada para a Delegacia da Pol\u00edcia Civil de Juiz de Fora.<\/p>\n<p>Fonte: Colabora\u00e7\u00e3o O VIGILANTE ONLINE<\/p>\n","protected":false},"excerpt":{"rendered":"<p>Tr\u00eas homens foram presos e um menor apreendido nessa segunda-feira, 26, ap\u00f3s policiais militares de Guarar\u00e1 receberem informa\u00e7\u00f5es de que dois moradores locais viajariam para Juiz de Fora com o objetivo de comprar drogas e vend\u00ea-las naquele munic\u00edpio. De acordo com a PM, uma opera\u00e7\u00e3o de fiscaliza\u00e7\u00e3o foi deflagrada conseguindo localizar dois suspeitos no interior [&hellip;]<\/p>\n","protected":false},"author":96,"featured_media":92732,"comment_status":"closed","ping_status":"closed","sticky":false,"template":"","format":"standard","meta":{"footnotes":""},"categories":[252],"tags":[],"class_list":["post-92733","post","type-post","status-publish","format-standard","has-post-thumbnail","hentry","category-regiao"],"_links":{"self":[{"href":"https:\/\/diarioregionaldigital.com.br\/index.php?rest_route=\/wp\/v2\/posts\/92733","targetHints":{"allow":["GET"]}}],"collection":[{"href":"https:\/\/diarioregionaldigital.com.br\/index.php?rest_route=\/wp\/v2\/posts"}],"about":[{"href":"https:\/\/diarioregionaldigital.com.br\/index.php?rest_route=\/wp\/v2\/types\/post"}],"author":[{"embeddable":true,"href":"https:\/\/diarioregionaldigital.com.br\/index.php?rest_route=\/wp\/v2\/users\/96"}],"replies":[{"embeddable":true,"href":"https:\/\/diarioregionaldigital.com.br\/index.php?rest_route=%2Fwp%2Fv2%2Fcomments&post=92733"}],"version-history":[{"count":0,"href":"https:\/\/diarioregionaldigital.com.br\/index.php?rest_route=\/wp\/v2\/posts\/92733\/revisions"}],"wp:featuredmedia":[{"embeddable":true,"href":"https:\/\/diarioregionaldigital.com.br\/index.php?rest_route=\/wp\/v2\/media\/92732"}],"wp:attachment":[{"href":"https:\/\/diarioregionaldigital.com.br\/index.php?rest_route=%2Fwp%2Fv2%2Fmedia&parent=92733"}],"wp:term":[{"taxonomy":"category","embeddable":true,"href":"https:\/\/diarioregionaldigital.com.br\/index.php?rest_route=%2Fwp%2Fv2%2Fcategories&post=92733"},{"taxonomy":"post_tag","embeddable":true,"href":"https:\/\/diarioregionaldigital.com.br\/index.php?rest_route=%2Fwp%2Fv2%2Ftags&post=92733"}],"curies":[{"name":"wp","href":"https:\/\/api.w.org\/{rel}","templated":true}]}}