{"id":92728,"date":"2018-02-27T16:53:04","date_gmt":"2018-02-27T19:53:04","guid":{"rendered":"http:\/\/diarioregionaljf.com.br\/2018\/02\/27\/prf-apreende-em-leopoldina-carro-clonado-e-roubado-no-rio-de-janeiro\/"},"modified":"2018-02-27T16:53:04","modified_gmt":"2018-02-27T19:53:04","slug":"prf-apreende-em-leopoldina-carro-clonado-e-roubado-no-rio-de-janeiro","status":"publish","type":"post","link":"https:\/\/diarioregionaldigital.com.br\/?p=92728","title":{"rendered":"PRF apreende em Leopoldina carro clonado e roubado no Rio de Janeiro"},"content":{"rendered":"<p>A Pol\u00edcia Rodovi\u00e1ria Federal de Leopoldina flagrou na manh\u00e3 desta ter\u00e7a-feira, 27, um motorista de 53 anos dirigindo um Fiat\/Palio roubado. O suspeito, segundo a PRF, cumpre pena por tr\u00e1fico de drogas em Juiz de Fora e tinha sido beneficiado com a sa\u00edda tempor\u00e1ria por salvo conduto entre os dias 22 de fevereiro e 1\u00ba de mar\u00e7o. O homem \u00e9 natural de Leopoldina e seguia sentido Rio de Janeiro.<\/p>\n<p>O flagrante foi feito durante fiscaliza\u00e7\u00e3o dos policiais na altura do km 768 da rodovia. Ap\u00f3s uma consulta mais detalhada os policiais da PRF constataram que se tratava de um ve\u00edculo clonado e com queixa de roubo ocorrido em julho de 2017 no Rio de Janeiro.<\/p>\n<p>Diante dos fatos o homem foi preso e conduzido para a Delegacia de Pol\u00edcia Civil de Leopoldina e o ve\u00edculo apreendido e encaminhado para o p\u00e1tio credenciado junto ao Detran\/MG no munic\u00edpio.<\/p>\n<hr \/>\n<p>&nbsp;Fonte: Colabora\u00e7\u00e3o O Vigilante Online<\/p>\n","protected":false},"excerpt":{"rendered":"<p>A Pol\u00edcia Rodovi\u00e1ria Federal de Leopoldina flagrou na manh\u00e3 desta ter\u00e7a-feira, 27, um motorista de 53 anos dirigindo um Fiat\/Palio roubado. O suspeito, segundo a PRF, cumpre pena por tr\u00e1fico de drogas em Juiz de Fora e tinha sido beneficiado com a sa\u00edda tempor\u00e1ria por salvo conduto entre os dias 22 de fevereiro e 1\u00ba [&hellip;]<\/p>\n","protected":false},"author":96,"featured_media":92727,"comment_status":"closed","ping_status":"closed","sticky":false,"template":"","format":"standard","meta":{"footnotes":""},"categories":[252],"tags":[],"class_list":["post-92728","post","type-post","status-publish","format-standard","has-post-thumbnail","hentry","category-regiao"],"_links":{"self":[{"href":"https:\/\/diarioregionaldigital.com.br\/index.php?rest_route=\/wp\/v2\/posts\/92728","targetHints":{"allow":["GET"]}}],"collection":[{"href":"https:\/\/diarioregionaldigital.com.br\/index.php?rest_route=\/wp\/v2\/posts"}],"about":[{"href":"https:\/\/diarioregionaldigital.com.br\/index.php?rest_route=\/wp\/v2\/types\/post"}],"author":[{"embeddable":true,"href":"https:\/\/diarioregionaldigital.com.br\/index.php?rest_route=\/wp\/v2\/users\/96"}],"replies":[{"embeddable":true,"href":"https:\/\/diarioregionaldigital.com.br\/index.php?rest_route=%2Fwp%2Fv2%2Fcomments&post=92728"}],"version-history":[{"count":0,"href":"https:\/\/diarioregionaldigital.com.br\/index.php?rest_route=\/wp\/v2\/posts\/92728\/revisions"}],"wp:featuredmedia":[{"embeddable":true,"href":"https:\/\/diarioregionaldigital.com.br\/index.php?rest_route=\/wp\/v2\/media\/92727"}],"wp:attachment":[{"href":"https:\/\/diarioregionaldigital.com.br\/index.php?rest_route=%2Fwp%2Fv2%2Fmedia&parent=92728"}],"wp:term":[{"taxonomy":"category","embeddable":true,"href":"https:\/\/diarioregionaldigital.com.br\/index.php?rest_route=%2Fwp%2Fv2%2Fcategories&post=92728"},{"taxonomy":"post_tag","embeddable":true,"href":"https:\/\/diarioregionaldigital.com.br\/index.php?rest_route=%2Fwp%2Fv2%2Ftags&post=92728"}],"curies":[{"name":"wp","href":"https:\/\/api.w.org\/{rel}","templated":true}]}}