{"id":92726,"date":"2018-02-27T16:46:35","date_gmt":"2018-02-27T19:46:35","guid":{"rendered":"http:\/\/diarioregionaljf.com.br\/2018\/02\/27\/parte-dos-servidores-do-presidio-de-cataguases-esta-em-greve\/"},"modified":"2018-02-27T16:46:35","modified_gmt":"2018-02-27T19:46:35","slug":"parte-dos-servidores-do-presidio-de-cataguases-esta-em-greve","status":"publish","type":"post","link":"https:\/\/diarioregionaldigital.com.br\/?p=92726","title":{"rendered":"Parte dos servidores do Pres\u00eddio de Cataguases est\u00e1 em greve"},"content":{"rendered":"<p>Servidores das \u00e1reas t\u00e9cnica e administrativa do Sistema Prisional e socioeducativo de Cataguases entraram em greve desde a segunda-feira, 26, seguindo decis\u00e3o da assembleia da categoria realizada pelo SINDP\u00daBLICOS-MG, entidade que representa aqueles trabalhadores. Apesar do movimento, os servi\u00e7os essenciais est\u00e3o sendo mantidos em 30%, ainda conforme o Sindicato.<\/p>\n<p>A greve ocorre em todo o Estado de Minas Gerais com aproximadamente 90% de ades\u00e3o, conforme o Sindicato, e reivindica o cumprimento do acordo celebrado entre governo e SINDP\u00daBLICOS-MG em 2015 que prev\u00ea a equipara\u00e7\u00e3o salarial com as Pol\u00edcias Civil e Militar; implanta\u00e7\u00e3o imediata de ajuda de custo, entre outras reivindica\u00e7\u00f5es. O sal\u00e1rio m\u00e9dio desses funcion\u00e1rios \u00e9 de R$1.050 para n\u00edvel m\u00e9dio e R$2.298 para quem tem curso superior.<\/p>\n<p>Em Cataguases sete servidores est\u00e3o paralisados sendo m\u00e9dico, psic\u00f3loga, assistente social e pessoal do setor administrativo. Nesta tarde, os grevistas permaneciam no pres\u00eddio de Cataguases em estado de greve e a previs\u00e3o \u00e9 de que o movimento s\u00f3 termine ap\u00f3s uma solu\u00e7\u00e3o para o impasse sobre o reajuste salarial. Segundo os pr\u00f3prios grevistas desde 2015 o problema se arrasta. Eles tamb\u00e9m deixaram claro que os agentes penitenci\u00e1rios est\u00e3o trabalhando normalmente e que a rotina no pres\u00eddio, apesar da paralisa\u00e7\u00e3o, segue normalmente.<\/p>\n<hr \/>\n<p>&nbsp;Fonte: Marcelo Lopes<\/p>\n","protected":false},"excerpt":{"rendered":"<p>Servidores das \u00e1reas t\u00e9cnica e administrativa do Sistema Prisional e socioeducativo de Cataguases entraram em greve desde a segunda-feira, 26, seguindo decis\u00e3o da assembleia da categoria realizada pelo SINDP\u00daBLICOS-MG, entidade que representa aqueles trabalhadores. Apesar do movimento, os servi\u00e7os essenciais est\u00e3o sendo mantidos em 30%, ainda conforme o Sindicato. A greve ocorre em todo o [&hellip;]<\/p>\n","protected":false},"author":96,"featured_media":92725,"comment_status":"closed","ping_status":"closed","sticky":false,"template":"","format":"standard","meta":{"footnotes":""},"categories":[252],"tags":[],"class_list":["post-92726","post","type-post","status-publish","format-standard","has-post-thumbnail","hentry","category-regiao"],"_links":{"self":[{"href":"https:\/\/diarioregionaldigital.com.br\/index.php?rest_route=\/wp\/v2\/posts\/92726","targetHints":{"allow":["GET"]}}],"collection":[{"href":"https:\/\/diarioregionaldigital.com.br\/index.php?rest_route=\/wp\/v2\/posts"}],"about":[{"href":"https:\/\/diarioregionaldigital.com.br\/index.php?rest_route=\/wp\/v2\/types\/post"}],"author":[{"embeddable":true,"href":"https:\/\/diarioregionaldigital.com.br\/index.php?rest_route=\/wp\/v2\/users\/96"}],"replies":[{"embeddable":true,"href":"https:\/\/diarioregionaldigital.com.br\/index.php?rest_route=%2Fwp%2Fv2%2Fcomments&post=92726"}],"version-history":[{"count":0,"href":"https:\/\/diarioregionaldigital.com.br\/index.php?rest_route=\/wp\/v2\/posts\/92726\/revisions"}],"wp:featuredmedia":[{"embeddable":true,"href":"https:\/\/diarioregionaldigital.com.br\/index.php?rest_route=\/wp\/v2\/media\/92725"}],"wp:attachment":[{"href":"https:\/\/diarioregionaldigital.com.br\/index.php?rest_route=%2Fwp%2Fv2%2Fmedia&parent=92726"}],"wp:term":[{"taxonomy":"category","embeddable":true,"href":"https:\/\/diarioregionaldigital.com.br\/index.php?rest_route=%2Fwp%2Fv2%2Fcategories&post=92726"},{"taxonomy":"post_tag","embeddable":true,"href":"https:\/\/diarioregionaldigital.com.br\/index.php?rest_route=%2Fwp%2Fv2%2Ftags&post=92726"}],"curies":[{"name":"wp","href":"https:\/\/api.w.org\/{rel}","templated":true}]}}