{"id":92724,"date":"2018-02-27T16:45:42","date_gmt":"2018-02-27T19:45:42","guid":{"rendered":"http:\/\/diarioregionaljf.com.br\/2018\/02\/27\/homem-e-assaltado-por-dupla-em-moto-no-bairro-vila-esperanca\/"},"modified":"2018-02-27T16:45:42","modified_gmt":"2018-02-27T19:45:42","slug":"homem-e-assaltado-por-dupla-em-moto-no-bairro-vila-esperanca","status":"publish","type":"post","link":"https:\/\/diarioregionaldigital.com.br\/?p=92724","title":{"rendered":"Homem \u00e9 assaltado por dupla em moto no bairro Vila Esperan\u00e7a"},"content":{"rendered":"<p>Um homem de 40 anos foi assaltado na tarde desta segunda-feira, 26, no bairro Vila Esperan\u00e7a, localizado na zona Norte da cidade.<\/p>\n<p>Segundo informa\u00e7\u00f5es da Pol\u00edcia Militar (PM), o homem encontrava-se na Rua Martins Barbosa quando foi surpreendido por dois indiv\u00edduos em uma moto, que anunciaram o assalto.<\/p>\n<p>Os autores, um deles armado com um rev\u00f3lver, realizaram amea\u00e7as contra a v\u00edtima e roubaram seu aparelho celular. Ap\u00f3s o crime a dupla fugiu de moto em dire\u00e7\u00e3o ao bairro s\u00e3o Dami\u00e3o.<\/p>\n<p>A PM foi acionada e realizou buscas na regi\u00e3o, entretanto, nenhum suspeito foi encontrado.<\/p>\n","protected":false},"excerpt":{"rendered":"<p>Um homem de 40 anos foi assaltado na tarde desta segunda-feira, 26, no bairro Vila Esperan\u00e7a, localizado na zona Norte da cidade. Segundo informa\u00e7\u00f5es da Pol\u00edcia Militar (PM), o homem encontrava-se na Rua Martins Barbosa quando foi surpreendido por dois indiv\u00edduos em uma moto, que anunciaram o assalto. Os autores, um deles armado com um [&hellip;]<\/p>\n","protected":false},"author":96,"featured_media":92723,"comment_status":"closed","ping_status":"closed","sticky":false,"template":"","format":"standard","meta":{"footnotes":""},"categories":[301],"tags":[],"class_list":["post-92724","post","type-post","status-publish","format-standard","has-post-thumbnail","hentry","category-artigos-policiais"],"_links":{"self":[{"href":"https:\/\/diarioregionaldigital.com.br\/index.php?rest_route=\/wp\/v2\/posts\/92724","targetHints":{"allow":["GET"]}}],"collection":[{"href":"https:\/\/diarioregionaldigital.com.br\/index.php?rest_route=\/wp\/v2\/posts"}],"about":[{"href":"https:\/\/diarioregionaldigital.com.br\/index.php?rest_route=\/wp\/v2\/types\/post"}],"author":[{"embeddable":true,"href":"https:\/\/diarioregionaldigital.com.br\/index.php?rest_route=\/wp\/v2\/users\/96"}],"replies":[{"embeddable":true,"href":"https:\/\/diarioregionaldigital.com.br\/index.php?rest_route=%2Fwp%2Fv2%2Fcomments&post=92724"}],"version-history":[{"count":0,"href":"https:\/\/diarioregionaldigital.com.br\/index.php?rest_route=\/wp\/v2\/posts\/92724\/revisions"}],"wp:featuredmedia":[{"embeddable":true,"href":"https:\/\/diarioregionaldigital.com.br\/index.php?rest_route=\/wp\/v2\/media\/92723"}],"wp:attachment":[{"href":"https:\/\/diarioregionaldigital.com.br\/index.php?rest_route=%2Fwp%2Fv2%2Fmedia&parent=92724"}],"wp:term":[{"taxonomy":"category","embeddable":true,"href":"https:\/\/diarioregionaldigital.com.br\/index.php?rest_route=%2Fwp%2Fv2%2Fcategories&post=92724"},{"taxonomy":"post_tag","embeddable":true,"href":"https:\/\/diarioregionaldigital.com.br\/index.php?rest_route=%2Fwp%2Fv2%2Ftags&post=92724"}],"curies":[{"name":"wp","href":"https:\/\/api.w.org\/{rel}","templated":true}]}}