{"id":92722,"date":"2018-02-27T16:33:51","date_gmt":"2018-02-27T19:33:51","guid":{"rendered":"http:\/\/diarioregionaljf.com.br\/2018\/02\/27\/estudantes-melhoram-marca-em-torneio-nacional-de-baja\/"},"modified":"2018-02-27T16:33:51","modified_gmt":"2018-02-27T19:33:51","slug":"estudantes-melhoram-marca-em-torneio-nacional-de-baja","status":"publish","type":"post","link":"https:\/\/diarioregionaldigital.com.br\/?p=92722","title":{"rendered":"Estudantes melhoram marca em torneio nacional de baja"},"content":{"rendered":"<p>Os estudantes da equipe Rampage Baja, da Faculdade de Engenharia da Universidade Federal de Juiz de Fora (UFJF), alcan\u00e7aram a 44\u00aa posi\u00e7\u00e3o na 24\u00aa Competi\u00e7\u00e3o Baja SAE Brasil. O torneio ocorreu entre os dias 22 e 25 de fevereiro, na cidade de S\u00e3o Jos\u00e9 dos Campos (SP), e contou com a participa\u00e7\u00e3o de 84 equipes de diferentes institui\u00e7\u00f5es de ensino de todo o pa\u00eds.<\/p>\n<p>A competi\u00e7\u00e3o teve duas fases de avalia\u00e7\u00e3o. A primeira, est\u00e1tica, composta pelos processos do projeto: proje\u00e7\u00e3o, constru\u00e7\u00e3o e valida\u00e7\u00e3o de seguran\u00e7a, a partir de testes. Depois, ocorreram as avalia\u00e7\u00f5es din\u00e2micas, que englobam atribui\u00e7\u00f5es como velocidade, acelera\u00e7\u00e3o e o principal quesito, a resist\u00eancia, que exige dos competidores que o carro consiga percorrer o circuito off-road por um per\u00edodo de quatro horas. O baja foi pilotado pelo aluno do curso de F\u00edsica, Mateus Salom\u00e3o.<\/p>\n<p>De acordo com a aluna de Ci\u00eancias Cont\u00e1beis Giovanna Campos Ribeiro, o desempenho da equipe foi positivo. \u201c\u00c9 a primeira vez que passamos de todas as fases em uma competi\u00e7\u00e3o nacional e conseguimos competir no enduro. \u00c9 uma experi\u00eancia incr\u00edvel, por podermos trocar conhecimento com pessoas de diferentes Estados, ver outros carros correndo e ver todos os estudantes empenhados em busca de um mesmo sonho.\u201d<\/p>\n<p>A prepara\u00e7\u00e3o para o nacional 2018 come\u00e7ou em setembro de 2017, logo em seguida do torneio regional, que ocorreu em agosto do ano passado. Giovanna destaca que os desafios valem a pena e s\u00e3o constantes, indo desde a busca por patroc\u00ednio e venda de rifas, para arrecadar meios de executar o projeto, at\u00e9 horas intermin\u00e1veis de trabalho para ver tudo sair do papel. \u201cDessa vez, uma das maiores dificuldades foi um problema com o motor, que precisou ser trocado. Foi uma correria para conseguirmos comprar um novo e fazer todos os ajustes antes da competi\u00e7\u00e3o. Mas com essas experi\u00eancias ficamos mais preparados e vemos o quanto somos capazes. \u00c9 muito bom vencer obst\u00e1culos.\u201d<\/p>\n<p>A equipe da UFJF foi composta por 28 membros dos mais diversos cursos de Engenharia, Ci\u00eancias Cont\u00e1beis, Economia e do Instituto de Artes e Design (IAD). O ganhador ir\u00e1 competir na fase internacional do torneio nos Estados Unidos.<\/p>\n<h4>Sobre a SAE<\/h4>\n<p>A SAE \u00e9 uma sociedade fundada em 1905, que tem como foco desenvolvimentos em engenharia. As competi\u00e7\u00f5es de Baja foram criadas em 1976 e introduzidas em nosso pa\u00eds em 1995 pela SAE Brasil, filiada \u00e0 SAE International. No Brasil, al\u00e9m das competi\u00e7\u00f5es Baja, a sociedade realiza disputas entre estudantes em \u00e1reas como a aeron\u00e1utica e carros f\u00f3rmula.<\/p>\n<hr \/>\n<p>&nbsp;Fonte: Assessoria\/UFJF<\/p>\n","protected":false},"excerpt":{"rendered":"<p>Os estudantes da equipe Rampage Baja, da Faculdade de Engenharia da Universidade Federal de Juiz de Fora (UFJF), alcan\u00e7aram a 44\u00aa posi\u00e7\u00e3o na 24\u00aa Competi\u00e7\u00e3o Baja SAE Brasil. O torneio ocorreu entre os dias 22 e 25 de fevereiro, na cidade de S\u00e3o Jos\u00e9 dos Campos (SP), e contou com a participa\u00e7\u00e3o de 84 equipes [&hellip;]<\/p>\n","protected":false},"author":96,"featured_media":92721,"comment_status":"closed","ping_status":"closed","sticky":false,"template":"","format":"standard","meta":{"footnotes":""},"categories":[253],"tags":[],"class_list":["post-92722","post","type-post","status-publish","format-standard","has-post-thumbnail","hentry","category-cidade"],"_links":{"self":[{"href":"https:\/\/diarioregionaldigital.com.br\/index.php?rest_route=\/wp\/v2\/posts\/92722","targetHints":{"allow":["GET"]}}],"collection":[{"href":"https:\/\/diarioregionaldigital.com.br\/index.php?rest_route=\/wp\/v2\/posts"}],"about":[{"href":"https:\/\/diarioregionaldigital.com.br\/index.php?rest_route=\/wp\/v2\/types\/post"}],"author":[{"embeddable":true,"href":"https:\/\/diarioregionaldigital.com.br\/index.php?rest_route=\/wp\/v2\/users\/96"}],"replies":[{"embeddable":true,"href":"https:\/\/diarioregionaldigital.com.br\/index.php?rest_route=%2Fwp%2Fv2%2Fcomments&post=92722"}],"version-history":[{"count":0,"href":"https:\/\/diarioregionaldigital.com.br\/index.php?rest_route=\/wp\/v2\/posts\/92722\/revisions"}],"wp:featuredmedia":[{"embeddable":true,"href":"https:\/\/diarioregionaldigital.com.br\/index.php?rest_route=\/wp\/v2\/media\/92721"}],"wp:attachment":[{"href":"https:\/\/diarioregionaldigital.com.br\/index.php?rest_route=%2Fwp%2Fv2%2Fmedia&parent=92722"}],"wp:term":[{"taxonomy":"category","embeddable":true,"href":"https:\/\/diarioregionaldigital.com.br\/index.php?rest_route=%2Fwp%2Fv2%2Fcategories&post=92722"},{"taxonomy":"post_tag","embeddable":true,"href":"https:\/\/diarioregionaldigital.com.br\/index.php?rest_route=%2Fwp%2Fv2%2Ftags&post=92722"}],"curies":[{"name":"wp","href":"https:\/\/api.w.org\/{rel}","templated":true}]}}