{"id":92720,"date":"2018-02-27T16:32:10","date_gmt":"2018-02-27T19:32:10","guid":{"rendered":"http:\/\/diarioregionaljf.com.br\/2018\/02\/27\/aliancas-estrategicas-reune-representantes-da-zona-da-mata-e-vertentes-na-ufjf\/"},"modified":"2018-02-27T16:32:10","modified_gmt":"2018-02-27T19:32:10","slug":"aliancas-estrategicas-reune-representantes-da-zona-da-mata-e-vertentes-na-ufjf","status":"publish","type":"post","link":"https:\/\/diarioregionaldigital.com.br\/?p=92720","title":{"rendered":"\u201cAlian\u00e7as Estrat\u00e9gicas\u201d re\u00fane representantes da Zona da Mata e Vertentes na UFJF"},"content":{"rendered":"<p>Com o objetivo de promover o encontro de diferentes agentes do cen\u00e1rio socioecon\u00f4mico da regi\u00e3o compreendida pela Zona da Mata e Vertentes, ser\u00e1 realizada na quarta-feira, dia 28, na Universidade Federal de Juiz de Fora (UFJF), o evento \u201cAlian\u00e7as Estrat\u00e9gicas\u201d, promovido pela Secretaria de Estado de Desenvolvimento Econ\u00f4mico, Ci\u00eancia, Tecnologia e Ensino Superior (Sedectes).<\/p>\n<p>Segundo o diretor de Inova\u00e7\u00e3o da UFJF, Ignacio Delgado, o evento visa a estimular a formula\u00e7\u00e3o de projetos estruturantes, pautados pelas demandas apresentadas pelos participantes do evento e a serem executadas pelos pr\u00f3prios agentes.<\/p>\n<p>\u201cA ideia \u00e9 identificar eixos de trabalho estrat\u00e9gicos nos diferentes territ\u00f3rios delimitados para a a\u00e7\u00e3o do governo em Minas Gerais\u201d, destaca Delgado. \u201cNum primeiro momento, ser\u00e3o levantados os problemas vivenciados pelos munic\u00edpios das regi\u00f5es representadas. Em geral, possibilidades de atua\u00e7\u00e3o que possam fundamentar e dar subs\u00eddio \u00e0 elabora\u00e7\u00e3o de projetos que se desenvolvam nesse territ\u00f3rio. S\u00e3o iniciativas que podem se converter em pol\u00edticas p\u00fablicas e gerar diversos benef\u00edcios para todos os envolvidos.\u201d<\/p>\n<p>A oportunidade de sediar o evento surgiu ap\u00f3s o diretor de Inova\u00e7\u00e3o da UFJF participar de reuni\u00e3o realizada em Governador Valadares, na qual estiveram representantes de entidades, institui\u00e7\u00f5es, organiza\u00e7\u00f5es e do poder p\u00fablico das regi\u00f5es do Capara\u00f3, do Vale do Rio Doce e do Vale do A\u00e7o. \u201cVendo como a realiza\u00e7\u00e3o de um evento desse tipo foi positiva para quem participou, conversamos com a organiza\u00e7\u00e3o e consultamos a Administra\u00e7\u00e3o Superior, que apoiou a proposta de receb\u00ea-lo aqui\u201d, afirma Delgado. O encontro acontecer\u00e1 das 8h \u00e0s 17h, no anfiteatro II do Edif\u00edcio Itamar Franco, na Faculdade de Engenharia.<\/p>\n<p>O evento \u00e9 apenas uma das atividades do Programa Alian\u00e7as Estrat\u00e9gicas, que, de acordo com o professor, proporciona a\u00e7\u00f5es de desenvolvimento econ\u00f4mico, social e sustent\u00e1vel no estado, por meio da cria\u00e7\u00e3o de conex\u00f5es entre as Institui\u00e7\u00f5es de Ensino Superior (IES) e a sociedade mineira, bem como por outros agentes do setor p\u00fablico e do setor produtivo. \u201cA UFJF ser\u00e1 representada pelo Critt (Centro Regional de Inova\u00e7\u00e3o e Transfer\u00eancia de Tecnologia), com a participa\u00e7\u00e3o da gerente de Inova\u00e7\u00e3o e Transfer\u00eancia de Tecnologia, D\u00e9bora Marques, e do gerente de Empreendedorismo, Leonardo Frossard.\u201d, pontua ele.<\/p>\n<hr \/>\n<p>&nbsp;Fonte: Assessoria\/UFJF<\/p>\n","protected":false},"excerpt":{"rendered":"<p>Com o objetivo de promover o encontro de diferentes agentes do cen\u00e1rio socioecon\u00f4mico da regi\u00e3o compreendida pela Zona da Mata e Vertentes, ser\u00e1 realizada na quarta-feira, dia 28, na Universidade Federal de Juiz de Fora (UFJF), o evento \u201cAlian\u00e7as Estrat\u00e9gicas\u201d, promovido pela Secretaria de Estado de Desenvolvimento Econ\u00f4mico, Ci\u00eancia, Tecnologia e Ensino Superior (Sedectes). Segundo [&hellip;]<\/p>\n","protected":false},"author":96,"featured_media":92719,"comment_status":"closed","ping_status":"closed","sticky":false,"template":"","format":"standard","meta":{"footnotes":""},"categories":[253],"tags":[],"class_list":["post-92720","post","type-post","status-publish","format-standard","has-post-thumbnail","hentry","category-cidade"],"_links":{"self":[{"href":"https:\/\/diarioregionaldigital.com.br\/index.php?rest_route=\/wp\/v2\/posts\/92720","targetHints":{"allow":["GET"]}}],"collection":[{"href":"https:\/\/diarioregionaldigital.com.br\/index.php?rest_route=\/wp\/v2\/posts"}],"about":[{"href":"https:\/\/diarioregionaldigital.com.br\/index.php?rest_route=\/wp\/v2\/types\/post"}],"author":[{"embeddable":true,"href":"https:\/\/diarioregionaldigital.com.br\/index.php?rest_route=\/wp\/v2\/users\/96"}],"replies":[{"embeddable":true,"href":"https:\/\/diarioregionaldigital.com.br\/index.php?rest_route=%2Fwp%2Fv2%2Fcomments&post=92720"}],"version-history":[{"count":0,"href":"https:\/\/diarioregionaldigital.com.br\/index.php?rest_route=\/wp\/v2\/posts\/92720\/revisions"}],"wp:featuredmedia":[{"embeddable":true,"href":"https:\/\/diarioregionaldigital.com.br\/index.php?rest_route=\/wp\/v2\/media\/92719"}],"wp:attachment":[{"href":"https:\/\/diarioregionaldigital.com.br\/index.php?rest_route=%2Fwp%2Fv2%2Fmedia&parent=92720"}],"wp:term":[{"taxonomy":"category","embeddable":true,"href":"https:\/\/diarioregionaldigital.com.br\/index.php?rest_route=%2Fwp%2Fv2%2Fcategories&post=92720"},{"taxonomy":"post_tag","embeddable":true,"href":"https:\/\/diarioregionaldigital.com.br\/index.php?rest_route=%2Fwp%2Fv2%2Ftags&post=92720"}],"curies":[{"name":"wp","href":"https:\/\/api.w.org\/{rel}","templated":true}]}}