{"id":92716,"date":"2018-02-27T16:23:04","date_gmt":"2018-02-27T19:23:04","guid":{"rendered":"http:\/\/diarioregionaljf.com.br\/2018\/02\/27\/numero-de-contratos-de-banda-larga-fixa-cresce-1-17-em-janeiro\/"},"modified":"2018-02-27T16:23:04","modified_gmt":"2018-02-27T19:23:04","slug":"numero-de-contratos-de-banda-larga-fixa-cresce-1-17-em-janeiro","status":"publish","type":"post","link":"https:\/\/diarioregionaldigital.com.br\/?p=92716","title":{"rendered":"N\u00famero de contratos de banda larga fixa cresce 1,17% em janeiro"},"content":{"rendered":"<p>O n\u00famero de contratos de internet fixa de banda larga cresceu 1,17% em janeiro na compara\u00e7\u00e3o com dezembro do ano passado, informou a Ag\u00eancia Nacional de Telecomunica\u00e7\u00f5es (Anatel). Foram registrados 336,4 mil novos contratos, levando a 29.077.508 o total de contratos ativos no pa\u00eds.<\/p>\n<p>Segundo a Anatel, os pequenos provedores de acesso \u00e0 internet, n\u00e3o ligados a grandes grupos nacionais ou \u00e0s concession\u00e1rias de telecomunica\u00e7\u00f5es, lideraram o crescimento do acesso \u00e0 banda larga fixa em janeiro, com o registro de mais 290,8 mil contratos, o que representa varia\u00e7\u00e3o positiva de 6,8% no segmento.<\/p>\n<p>Entre os grandes provedores, a Sercomtel apresentou a maior redu\u00e7\u00e3o em termos percentuais, de 4,31%, com menos 9,7 mil contratos na compara\u00e7\u00e3o entre janeiro deste ano e dezembro do ano passado. Apesar disso, nos \u00faltimos 12 meses, a empresa registrou um crescimento percentual de 28,55%, com mais 47,9 mil novos contratos.<\/p>\n<p>Em seguida aparece a Oi, que registrou a maior retra\u00e7\u00e3o em n\u00fameros absolutos, com menos 22 mil contratos, perda de 0,35%. A Sky vem depois com uma pequena redu\u00e7\u00e3o de 0,12% e menos 442 contratos. As demais operadoras registraram aumento nas suas bases contratuais.<\/p>\n<p>Segundo a Anatel, o Distrito Federal e mais 19 estados apresentaram crescimento de assinantes em janeiro de 2018 quando comparado com dezembro de 2017. Santa Catarina aparece na lideran\u00e7a com aumento de 92,5 mil contratos, mais 7,42%. Em seguida, vem o Rio Grande do Sul, com crescimento de 2,74%, somando 49 mil novos clientes. O Maranh\u00e3o ocupou a terceira posi\u00e7\u00e3o, com mais 6,8 mil contratos, um aumento de 2,52%.<\/p>\n<hr \/>\n<p>&nbsp;Fonte: Ag\u00eancia Brasil<\/p>\n","protected":false},"excerpt":{"rendered":"<p>O n\u00famero de contratos de internet fixa de banda larga cresceu 1,17% em janeiro na compara\u00e7\u00e3o com dezembro do ano passado, informou a Ag\u00eancia Nacional de Telecomunica\u00e7\u00f5es (Anatel). Foram registrados 336,4 mil novos contratos, levando a 29.077.508 o total de contratos ativos no pa\u00eds. Segundo a Anatel, os pequenos provedores de acesso \u00e0 internet, n\u00e3o [&hellip;]<\/p>\n","protected":false},"author":96,"featured_media":92715,"comment_status":"closed","ping_status":"closed","sticky":false,"template":"","format":"standard","meta":{"footnotes":""},"categories":[261],"tags":[],"class_list":["post-92716","post","type-post","status-publish","format-standard","has-post-thumbnail","hentry","category-economia"],"_links":{"self":[{"href":"https:\/\/diarioregionaldigital.com.br\/index.php?rest_route=\/wp\/v2\/posts\/92716","targetHints":{"allow":["GET"]}}],"collection":[{"href":"https:\/\/diarioregionaldigital.com.br\/index.php?rest_route=\/wp\/v2\/posts"}],"about":[{"href":"https:\/\/diarioregionaldigital.com.br\/index.php?rest_route=\/wp\/v2\/types\/post"}],"author":[{"embeddable":true,"href":"https:\/\/diarioregionaldigital.com.br\/index.php?rest_route=\/wp\/v2\/users\/96"}],"replies":[{"embeddable":true,"href":"https:\/\/diarioregionaldigital.com.br\/index.php?rest_route=%2Fwp%2Fv2%2Fcomments&post=92716"}],"version-history":[{"count":0,"href":"https:\/\/diarioregionaldigital.com.br\/index.php?rest_route=\/wp\/v2\/posts\/92716\/revisions"}],"wp:featuredmedia":[{"embeddable":true,"href":"https:\/\/diarioregionaldigital.com.br\/index.php?rest_route=\/wp\/v2\/media\/92715"}],"wp:attachment":[{"href":"https:\/\/diarioregionaldigital.com.br\/index.php?rest_route=%2Fwp%2Fv2%2Fmedia&parent=92716"}],"wp:term":[{"taxonomy":"category","embeddable":true,"href":"https:\/\/diarioregionaldigital.com.br\/index.php?rest_route=%2Fwp%2Fv2%2Fcategories&post=92716"},{"taxonomy":"post_tag","embeddable":true,"href":"https:\/\/diarioregionaldigital.com.br\/index.php?rest_route=%2Fwp%2Fv2%2Ftags&post=92716"}],"curies":[{"name":"wp","href":"https:\/\/api.w.org\/{rel}","templated":true}]}}