{"id":92712,"date":"2018-02-27T16:09:49","date_gmt":"2018-02-27T19:09:49","guid":{"rendered":"http:\/\/diarioregionaljf.com.br\/2018\/02\/27\/prazo-para-prova-de-vida-do-inss-vence-amanha-e-nao-sera-prorrogado\/"},"modified":"2018-02-27T16:09:49","modified_gmt":"2018-02-27T19:09:49","slug":"prazo-para-prova-de-vida-do-inss-vence-amanha-e-nao-sera-prorrogado","status":"publish","type":"post","link":"https:\/\/diarioregionaldigital.com.br\/?p=92712","title":{"rendered":"Prazo para prova de vida do INSS vence amanh\u00e3 e n\u00e3o ser\u00e1 prorrogado"},"content":{"rendered":"<p>Benefici\u00e1rios do Instituto Nacional do Seguro Social (INSS) que ainda n\u00e3o fizeram a prova de vida devem procurar uma ag\u00eancia banc\u00e1ria e realizar o procedimento at\u00e9 amanh\u00e3, 28, sob pena de ter o pagamento interrompido. O prazo, segundo o diretor de Benef\u00edcios do INSS, Alessandro Ribeiro, n\u00e3o ser\u00e1 prorrogado.<\/p>\n<p>\u201cAmanh\u00e3 \u00e9 o prazo para as pessoas que n\u00e3o fizeram f\u00e9 de vida [prova de vida] nos \u00faltimos tr\u00eas anos. N\u00e3o tem como prorrogar mais\u201d, disse. O per\u00edodo venceria em 31 de dezembro, mas, devido ao grande n\u00famero de benefici\u00e1rios que n\u00e3o realizou o procedimento em 2017, o prazo foi prorrogado.<\/p>\n<p>A comprova\u00e7\u00e3o \u00e9 obrigat\u00f3ria para todos que recebem seus pagamentos por conta-corrente, conta poupan\u00e7a ou cart\u00e3o magn\u00e9tico. Ribeiro lembrou que n\u00e3o \u00e9 necess\u00e1rio ir a ag\u00eancias da Previd\u00eancia Social \u2013 o procedimento \u00e9 feito diretamente no banco em que o benefici\u00e1rio recebe o dinheiro, mediante apresenta\u00e7\u00e3o de documento de identifica\u00e7\u00e3o com foto.<\/p>\n<h4>Benef\u00edcio bloqueado<\/h4>\n<p>\u201cNa hora do saque do benef\u00edcio, a pessoa, estando presente no banco, aparece a informa\u00e7\u00e3o de que o benef\u00edcio dela est\u00e1 bloqueado. Ali mesmo, ela fala com o agente banc\u00e1rio, levando documento de identifica\u00e7\u00e3o com foto, o agente banc\u00e1rio identifica, faz o documento dizendo que ela compareceu \u00e0 ag\u00eancia banc\u00e1ria para fazer f\u00e9 de vida e j\u00e1 desbloqueia o benef\u00edcio\u201d, explicou.<\/p>\n<p>Ainda de acordo com Ribeiro, dos mais de 34 milh\u00f5es de benefici\u00e1rios do INSS, entre 3 milh\u00f5es e 3,2 milh\u00f5es de pessoas ainda n\u00e3o haviam feito a comprova\u00e7\u00e3o de vida at\u00e9 o \u00faltimo balan\u00e7o. Caso o benefici\u00e1rio n\u00e3o possa procurar a ag\u00eancia banc\u00e1ria, por motivos de sa\u00fade ou por conta de uma viagem, por exemplo, ele deve enviar um procurador ao instituto.<\/p>\n<p>\u201cUm procurador da pessoa, com uma procura\u00e7\u00e3o, deve ir a uma ag\u00eancia do INSS, fazer o cadastramento de sua procura\u00e7\u00e3o por tempo, para que a gente consiga verificar que existe esse impedimento neste momento. Para que ela tenha dois ou tr\u00eas meses a mais para fazer esse recadastramento\u201d, finalizou.<\/p>\n<hr \/>\n<p>&nbsp;Fonte: Ag\u00eancia Brasil<\/p>\n","protected":false},"excerpt":{"rendered":"<p>Benefici\u00e1rios do Instituto Nacional do Seguro Social (INSS) que ainda n\u00e3o fizeram a prova de vida devem procurar uma ag\u00eancia banc\u00e1ria e realizar o procedimento at\u00e9 amanh\u00e3, 28, sob pena de ter o pagamento interrompido. O prazo, segundo o diretor de Benef\u00edcios do INSS, Alessandro Ribeiro, n\u00e3o ser\u00e1 prorrogado. \u201cAmanh\u00e3 \u00e9 o prazo para as [&hellip;]<\/p>\n","protected":false},"author":96,"featured_media":92711,"comment_status":"closed","ping_status":"closed","sticky":false,"template":"","format":"standard","meta":{"footnotes":""},"categories":[261],"tags":[],"class_list":["post-92712","post","type-post","status-publish","format-standard","has-post-thumbnail","hentry","category-economia"],"_links":{"self":[{"href":"https:\/\/diarioregionaldigital.com.br\/index.php?rest_route=\/wp\/v2\/posts\/92712","targetHints":{"allow":["GET"]}}],"collection":[{"href":"https:\/\/diarioregionaldigital.com.br\/index.php?rest_route=\/wp\/v2\/posts"}],"about":[{"href":"https:\/\/diarioregionaldigital.com.br\/index.php?rest_route=\/wp\/v2\/types\/post"}],"author":[{"embeddable":true,"href":"https:\/\/diarioregionaldigital.com.br\/index.php?rest_route=\/wp\/v2\/users\/96"}],"replies":[{"embeddable":true,"href":"https:\/\/diarioregionaldigital.com.br\/index.php?rest_route=%2Fwp%2Fv2%2Fcomments&post=92712"}],"version-history":[{"count":0,"href":"https:\/\/diarioregionaldigital.com.br\/index.php?rest_route=\/wp\/v2\/posts\/92712\/revisions"}],"wp:featuredmedia":[{"embeddable":true,"href":"https:\/\/diarioregionaldigital.com.br\/index.php?rest_route=\/wp\/v2\/media\/92711"}],"wp:attachment":[{"href":"https:\/\/diarioregionaldigital.com.br\/index.php?rest_route=%2Fwp%2Fv2%2Fmedia&parent=92712"}],"wp:term":[{"taxonomy":"category","embeddable":true,"href":"https:\/\/diarioregionaldigital.com.br\/index.php?rest_route=%2Fwp%2Fv2%2Fcategories&post=92712"},{"taxonomy":"post_tag","embeddable":true,"href":"https:\/\/diarioregionaldigital.com.br\/index.php?rest_route=%2Fwp%2Fv2%2Ftags&post=92712"}],"curies":[{"name":"wp","href":"https:\/\/api.w.org\/{rel}","templated":true}]}}