{"id":92710,"date":"2018-02-27T16:04:16","date_gmt":"2018-02-27T19:04:16","guid":{"rendered":"http:\/\/diarioregionaljf.com.br\/2018\/02\/27\/governo-publica-mp-que-cria-ministerio-extraordinario-da-seguranca-publica\/"},"modified":"2018-02-27T16:04:16","modified_gmt":"2018-02-27T19:04:16","slug":"governo-publica-mp-que-cria-ministerio-extraordinario-da-seguranca-publica","status":"publish","type":"post","link":"https:\/\/diarioregionaldigital.com.br\/?p=92710","title":{"rendered":"Governo publica MP que cria Minist\u00e9rio Extraordin\u00e1rio da Seguran\u00e7a P\u00fablica"},"content":{"rendered":"<p>O Di\u00e1rio Oficial da Uni\u00e3o desta ter\u00e7a-feira, 27, publica a Medida Provis\u00f3ria que cria o Minist\u00e9rio Extraordin\u00e1rio da Seguran\u00e7a P\u00fablica. Ainda segundo a MP 821\/2018, o Minist\u00e9rio da Justi\u00e7a e Seguran\u00e7a P\u00fablica volta a se chamar Minist\u00e9rio da Justi\u00e7a.<\/p>\n<p>Entre as compet\u00eancias do novo minist\u00e9rio figuram a de \u201ccoordenar e promover a integra\u00e7\u00e3o da seguran\u00e7a p\u00fablica em todo o territ\u00f3rio nacional em coopera\u00e7\u00e3o com os demais entes federativos\u201d, e a de exercer \u201cplanejar, coordenar e administrar\u201d a pol\u00edtica penitenci\u00e1ria nacional; e o patrulhamento ostensivo das rodovias federais, por meio da Pol\u00edcia Rodovi\u00e1ria Federal.<\/p>\n<p>Tamb\u00e9m caber\u00e1 \u00e0 pasta exercer a pol\u00edtica de organiza\u00e7\u00e3o e manuten\u00e7\u00e3o da Pol\u00edcia Civil, da Pol\u00edcia Militar e do Corpo de Bombeiros Militar do Distrito Federal; e a defesa dos bens e dos pr\u00f3prios da Uni\u00e3o e das entidades integrantes da administra\u00e7\u00e3o p\u00fablica federal indireta.<\/p>\n<p>A estrutura do minist\u00e9rio ser\u00e1 composta pelo Departamento de Pol\u00edcia Federal; pelo Departamento de Pol\u00edcia Rodovi\u00e1ria Federal, o Departamento Penitenci\u00e1rio Nacional, o Conselho Nacional de Seguran\u00e7a P\u00fablica, o Conselho Nacional de Pol\u00edtica Criminal e Penitenci\u00e1ria, e a Secretaria Nacional de Seguran\u00e7a P\u00fablica, \u00f3rg\u00e3o respons\u00e1vel pela For\u00e7a Nacional de Seguran\u00e7a P\u00fablica.<\/p>\n<p>Est\u00e1 prevista a cria\u00e7\u00e3o de at\u00e9 quatro secretarias para a nova pasta, al\u00e9m da transfer\u00eancia de 19 cargos em comiss\u00e3o do Grupo-Dire\u00e7\u00e3o e Assessoramento Superiores (DAS n\u00edvel 1). Essas fun\u00e7\u00f5es ter\u00e3o como destino os cargos de natureza especial de secret\u00e1rio-executivo e de ministro de Estado.<\/p>\n<p>\u201cO acervo patrimonial e o quadro de servidores efetivos do Minist\u00e9rio da Justi\u00e7a e Seguran\u00e7a P\u00fablica, relativamente \u00e0s compet\u00eancias que forem absorvidas, ser\u00e3o transferidos ao Minist\u00e9rio Extraordin\u00e1rio da Seguran\u00e7a P\u00fablica, bem como os direitos, os cr\u00e9ditos e as obriga\u00e7\u00f5es decorrentes de lei, atos administrativos ou contratos, inclusive as receitas e as despesas\u201d, acrescenta a MP.<\/p>\n<hr \/>\n<p>&nbsp;Fonte: Ag\u00eancia Brasil<\/p>\n","protected":false},"excerpt":{"rendered":"<p>O Di\u00e1rio Oficial da Uni\u00e3o desta ter\u00e7a-feira, 27, publica a Medida Provis\u00f3ria que cria o Minist\u00e9rio Extraordin\u00e1rio da Seguran\u00e7a P\u00fablica. Ainda segundo a MP 821\/2018, o Minist\u00e9rio da Justi\u00e7a e Seguran\u00e7a P\u00fablica volta a se chamar Minist\u00e9rio da Justi\u00e7a. Entre as compet\u00eancias do novo minist\u00e9rio figuram a de \u201ccoordenar e promover a integra\u00e7\u00e3o da seguran\u00e7a [&hellip;]<\/p>\n","protected":false},"author":96,"featured_media":92709,"comment_status":"closed","ping_status":"closed","sticky":false,"template":"","format":"standard","meta":{"footnotes":""},"categories":[254],"tags":[],"class_list":["post-92710","post","type-post","status-publish","format-standard","has-post-thumbnail","hentry","category-politica"],"_links":{"self":[{"href":"https:\/\/diarioregionaldigital.com.br\/index.php?rest_route=\/wp\/v2\/posts\/92710","targetHints":{"allow":["GET"]}}],"collection":[{"href":"https:\/\/diarioregionaldigital.com.br\/index.php?rest_route=\/wp\/v2\/posts"}],"about":[{"href":"https:\/\/diarioregionaldigital.com.br\/index.php?rest_route=\/wp\/v2\/types\/post"}],"author":[{"embeddable":true,"href":"https:\/\/diarioregionaldigital.com.br\/index.php?rest_route=\/wp\/v2\/users\/96"}],"replies":[{"embeddable":true,"href":"https:\/\/diarioregionaldigital.com.br\/index.php?rest_route=%2Fwp%2Fv2%2Fcomments&post=92710"}],"version-history":[{"count":0,"href":"https:\/\/diarioregionaldigital.com.br\/index.php?rest_route=\/wp\/v2\/posts\/92710\/revisions"}],"wp:featuredmedia":[{"embeddable":true,"href":"https:\/\/diarioregionaldigital.com.br\/index.php?rest_route=\/wp\/v2\/media\/92709"}],"wp:attachment":[{"href":"https:\/\/diarioregionaldigital.com.br\/index.php?rest_route=%2Fwp%2Fv2%2Fmedia&parent=92710"}],"wp:term":[{"taxonomy":"category","embeddable":true,"href":"https:\/\/diarioregionaldigital.com.br\/index.php?rest_route=%2Fwp%2Fv2%2Fcategories&post=92710"},{"taxonomy":"post_tag","embeddable":true,"href":"https:\/\/diarioregionaldigital.com.br\/index.php?rest_route=%2Fwp%2Fv2%2Ftags&post=92710"}],"curies":[{"name":"wp","href":"https:\/\/api.w.org\/{rel}","templated":true}]}}