{"id":92706,"date":"2018-02-27T13:00:16","date_gmt":"2018-02-27T16:00:16","guid":{"rendered":"http:\/\/diarioregionaljf.com.br\/2018\/02\/27\/bombeiros-capturam-serpentes-e-capivara-dentro-de-residencias-da-cidade\/"},"modified":"2018-02-27T13:00:16","modified_gmt":"2018-02-27T16:00:16","slug":"bombeiros-capturam-serpentes-e-capivara-dentro-de-residencias-da-cidade","status":"publish","type":"post","link":"https:\/\/diarioregionaldigital.com.br\/?p=92706","title":{"rendered":"Bombeiros capturam serpentes e capivara dentro de resid\u00eancias da cidade"},"content":{"rendered":"<p>O Corpo de Bombeiros atendeu a tr\u00eas ocorr\u00eancias de captura de animais dentro de resid\u00eancias em Juiz de Fora. Os casos ocorreram nesta segunda-feira, 26.<\/p>\n<p>Duas ocorr\u00eancias foram relacionadas a serpentes. Uma foi capturada no bairro Santa Paula, zona Leste, e a outra no bairro Novo Triunfo, zona Norte. Uma das cobras era jararaca. Elas ser\u00e3o levadas para a pol\u00edcia ambiental.<\/p>\n<p>O outro caso aconteceu no bairro S\u00e3o Pedro, zona Oeste, onde durante a madrugada, uma capivara foi encontrada dentro do banheiro de uma resid\u00eancia.<\/p>\n<p>De acordo com informa\u00e7\u00f5es dos bombeiros, algumas teorias que explicam os poss\u00edveis motivos desses animais aparecerem em \u00e1rea residencial, s\u00e3o a falta de comida, chuvas, e o desequil\u00edbrio ambiental.<\/p>\n","protected":false},"excerpt":{"rendered":"<p>O Corpo de Bombeiros atendeu a tr\u00eas ocorr\u00eancias de captura de animais dentro de resid\u00eancias em Juiz de Fora. Os casos ocorreram nesta segunda-feira, 26. Duas ocorr\u00eancias foram relacionadas a serpentes. Uma foi capturada no bairro Santa Paula, zona Leste, e a outra no bairro Novo Triunfo, zona Norte. Uma das cobras era jararaca. Elas [&hellip;]<\/p>\n","protected":false},"author":96,"featured_media":92705,"comment_status":"closed","ping_status":"closed","sticky":false,"template":"","format":"standard","meta":{"footnotes":""},"categories":[253],"tags":[],"class_list":["post-92706","post","type-post","status-publish","format-standard","has-post-thumbnail","hentry","category-cidade"],"_links":{"self":[{"href":"https:\/\/diarioregionaldigital.com.br\/index.php?rest_route=\/wp\/v2\/posts\/92706","targetHints":{"allow":["GET"]}}],"collection":[{"href":"https:\/\/diarioregionaldigital.com.br\/index.php?rest_route=\/wp\/v2\/posts"}],"about":[{"href":"https:\/\/diarioregionaldigital.com.br\/index.php?rest_route=\/wp\/v2\/types\/post"}],"author":[{"embeddable":true,"href":"https:\/\/diarioregionaldigital.com.br\/index.php?rest_route=\/wp\/v2\/users\/96"}],"replies":[{"embeddable":true,"href":"https:\/\/diarioregionaldigital.com.br\/index.php?rest_route=%2Fwp%2Fv2%2Fcomments&post=92706"}],"version-history":[{"count":0,"href":"https:\/\/diarioregionaldigital.com.br\/index.php?rest_route=\/wp\/v2\/posts\/92706\/revisions"}],"wp:featuredmedia":[{"embeddable":true,"href":"https:\/\/diarioregionaldigital.com.br\/index.php?rest_route=\/wp\/v2\/media\/92705"}],"wp:attachment":[{"href":"https:\/\/diarioregionaldigital.com.br\/index.php?rest_route=%2Fwp%2Fv2%2Fmedia&parent=92706"}],"wp:term":[{"taxonomy":"category","embeddable":true,"href":"https:\/\/diarioregionaldigital.com.br\/index.php?rest_route=%2Fwp%2Fv2%2Fcategories&post=92706"},{"taxonomy":"post_tag","embeddable":true,"href":"https:\/\/diarioregionaldigital.com.br\/index.php?rest_route=%2Fwp%2Fv2%2Ftags&post=92706"}],"curies":[{"name":"wp","href":"https:\/\/api.w.org\/{rel}","templated":true}]}}