{"id":92704,"date":"2018-02-27T12:27:52","date_gmt":"2018-02-27T15:27:52","guid":{"rendered":"http:\/\/diarioregionaljf.com.br\/2018\/02\/27\/assaltante-se-passa-por-hospede-e-rouba-hotel-no-centro-da-cidade\/"},"modified":"2018-02-27T12:27:52","modified_gmt":"2018-02-27T15:27:52","slug":"assaltante-se-passa-por-hospede-e-rouba-hotel-no-centro-da-cidade","status":"publish","type":"post","link":"https:\/\/diarioregionaldigital.com.br\/?p=92704","title":{"rendered":"Assaltante se passa por h\u00f3spede e rouba hotel no centro da cidade"},"content":{"rendered":"<p>Um hotel localizado no centro da cidade foi roubado na madrugada desta ter\u00e7a-feira, 27. O estabelecimento fica localizado na Avenida Get\u00falio Vargas.<\/p>\n<p>De acordo com o registro de ocorr\u00eancias da Pol\u00edcia Militar (PM), uma funcion\u00e1ria do hotel, de 29 anos, relatou que por volta das 4h um indiv\u00edduo acionou a campainha e, se passando por h\u00f3spede, solicitou a entrada no local.<\/p>\n<p>A funcion\u00e1ria foi atender a solicita\u00e7\u00e3o do indiv\u00edduo, momento em que foi surpreendida pelo mesmo, que lhe pegou pelas costas, agarrou o pesco\u00e7o e a amea\u00e7ou com um objeto pontiagudo.<\/p>\n<p>O autor conseguiu roubar a quantia de R$300, o aparelho celular da v\u00edtima e em seguida, fugiu a p\u00e9 sentido a linha f\u00e9rrea.<\/p>\n<p>A PM foi acionada e realizou buscas pela regi\u00e3o, entretanto, o indiv\u00edduo n\u00e3o foi encontrado.<\/p>\n","protected":false},"excerpt":{"rendered":"<p>Um hotel localizado no centro da cidade foi roubado na madrugada desta ter\u00e7a-feira, 27. O estabelecimento fica localizado na Avenida Get\u00falio Vargas. De acordo com o registro de ocorr\u00eancias da Pol\u00edcia Militar (PM), uma funcion\u00e1ria do hotel, de 29 anos, relatou que por volta das 4h um indiv\u00edduo acionou a campainha e, se passando por [&hellip;]<\/p>\n","protected":false},"author":96,"featured_media":92703,"comment_status":"closed","ping_status":"closed","sticky":false,"template":"","format":"standard","meta":{"footnotes":""},"categories":[301],"tags":[],"class_list":["post-92704","post","type-post","status-publish","format-standard","has-post-thumbnail","hentry","category-artigos-policiais"],"_links":{"self":[{"href":"https:\/\/diarioregionaldigital.com.br\/index.php?rest_route=\/wp\/v2\/posts\/92704","targetHints":{"allow":["GET"]}}],"collection":[{"href":"https:\/\/diarioregionaldigital.com.br\/index.php?rest_route=\/wp\/v2\/posts"}],"about":[{"href":"https:\/\/diarioregionaldigital.com.br\/index.php?rest_route=\/wp\/v2\/types\/post"}],"author":[{"embeddable":true,"href":"https:\/\/diarioregionaldigital.com.br\/index.php?rest_route=\/wp\/v2\/users\/96"}],"replies":[{"embeddable":true,"href":"https:\/\/diarioregionaldigital.com.br\/index.php?rest_route=%2Fwp%2Fv2%2Fcomments&post=92704"}],"version-history":[{"count":0,"href":"https:\/\/diarioregionaldigital.com.br\/index.php?rest_route=\/wp\/v2\/posts\/92704\/revisions"}],"wp:featuredmedia":[{"embeddable":true,"href":"https:\/\/diarioregionaldigital.com.br\/index.php?rest_route=\/wp\/v2\/media\/92703"}],"wp:attachment":[{"href":"https:\/\/diarioregionaldigital.com.br\/index.php?rest_route=%2Fwp%2Fv2%2Fmedia&parent=92704"}],"wp:term":[{"taxonomy":"category","embeddable":true,"href":"https:\/\/diarioregionaldigital.com.br\/index.php?rest_route=%2Fwp%2Fv2%2Fcategories&post=92704"},{"taxonomy":"post_tag","embeddable":true,"href":"https:\/\/diarioregionaldigital.com.br\/index.php?rest_route=%2Fwp%2Fv2%2Ftags&post=92704"}],"curies":[{"name":"wp","href":"https:\/\/api.w.org\/{rel}","templated":true}]}}