{"id":92702,"date":"2018-02-27T12:02:19","date_gmt":"2018-02-27T15:02:19","guid":{"rendered":"http:\/\/diarioregionaljf.com.br\/2018\/02\/27\/caminhao-e-carro-batem-de-frente-e-motorista-morre-proximo-a-bicas\/"},"modified":"2018-02-27T12:02:19","modified_gmt":"2018-02-27T15:02:19","slug":"caminhao-e-carro-batem-de-frente-e-motorista-morre-proximo-a-bicas","status":"publish","type":"post","link":"https:\/\/diarioregionaldigital.com.br\/?p=92702","title":{"rendered":"Caminh\u00e3o e carro batem de frente e motorista morre pr\u00f3ximo a Bicas"},"content":{"rendered":"<p>Um acidente envolvendo um carro e um caminh\u00e3o deixou um morto na tarde desta segunda-feira, 26, na BR 267, altura do KM 63,2, pr\u00f3ximo a cidade de Bicas.<\/p>\n<p>De acordo com informa\u00e7\u00f5es da Pol\u00edcia Rodovi\u00e1ria Federal (PRF), por volta das 17h25 da tarde, sob forte chuva, um ve\u00edculo da marca Cross Fox e um caminh\u00e3o Mercedes Benz colidiram de frente. A chuva pode ter colaborado com a causa do acidente, entretanto, os pneus do ve\u00edculo estavam lisos, o que \u00e9 um fator determinante para o acidente. Al\u00e9m disso tamb\u00e9m h\u00e1 ind\u00edcios de que o motorista do Fox teria invadido a contram\u00e3o.<\/p>\n<p>O carro, com placa de Juiz de Fora, seguia para Bicas e era conduzido por um senhor de 73 anos, que veio a \u00f3bito no local. O caminh\u00e3o, com placa de Levy Gasparian, seguia de Bicas para Juiz de Fora e estava carregado com materiais de constru\u00e7\u00e3o. O motorista e passageiro n\u00e3o sofreram nenhum ferimento.<\/p>\n<p>O corpo da v\u00edtima foi encaminhado para o Instituto M\u00e9dico Legal (IML) de Juiz de Fora.<\/p>\n<p>A pista ficou fechada entre 17h25 at\u00e9 \u00e0s 23h.<\/p>\n","protected":false},"excerpt":{"rendered":"<p>Um acidente envolvendo um carro e um caminh\u00e3o deixou um morto na tarde desta segunda-feira, 26, na BR 267, altura do KM 63,2, pr\u00f3ximo a cidade de Bicas. De acordo com informa\u00e7\u00f5es da Pol\u00edcia Rodovi\u00e1ria Federal (PRF), por volta das 17h25 da tarde, sob forte chuva, um ve\u00edculo da marca Cross Fox e um caminh\u00e3o [&hellip;]<\/p>\n","protected":false},"author":96,"featured_media":92701,"comment_status":"closed","ping_status":"closed","sticky":false,"template":"","format":"standard","meta":{"footnotes":""},"categories":[301],"tags":[],"class_list":["post-92702","post","type-post","status-publish","format-standard","has-post-thumbnail","hentry","category-artigos-policiais"],"_links":{"self":[{"href":"https:\/\/diarioregionaldigital.com.br\/index.php?rest_route=\/wp\/v2\/posts\/92702","targetHints":{"allow":["GET"]}}],"collection":[{"href":"https:\/\/diarioregionaldigital.com.br\/index.php?rest_route=\/wp\/v2\/posts"}],"about":[{"href":"https:\/\/diarioregionaldigital.com.br\/index.php?rest_route=\/wp\/v2\/types\/post"}],"author":[{"embeddable":true,"href":"https:\/\/diarioregionaldigital.com.br\/index.php?rest_route=\/wp\/v2\/users\/96"}],"replies":[{"embeddable":true,"href":"https:\/\/diarioregionaldigital.com.br\/index.php?rest_route=%2Fwp%2Fv2%2Fcomments&post=92702"}],"version-history":[{"count":0,"href":"https:\/\/diarioregionaldigital.com.br\/index.php?rest_route=\/wp\/v2\/posts\/92702\/revisions"}],"wp:featuredmedia":[{"embeddable":true,"href":"https:\/\/diarioregionaldigital.com.br\/index.php?rest_route=\/wp\/v2\/media\/92701"}],"wp:attachment":[{"href":"https:\/\/diarioregionaldigital.com.br\/index.php?rest_route=%2Fwp%2Fv2%2Fmedia&parent=92702"}],"wp:term":[{"taxonomy":"category","embeddable":true,"href":"https:\/\/diarioregionaldigital.com.br\/index.php?rest_route=%2Fwp%2Fv2%2Fcategories&post=92702"},{"taxonomy":"post_tag","embeddable":true,"href":"https:\/\/diarioregionaldigital.com.br\/index.php?rest_route=%2Fwp%2Fv2%2Ftags&post=92702"}],"curies":[{"name":"wp","href":"https:\/\/api.w.org\/{rel}","templated":true}]}}