{"id":92699,"date":"2018-02-26T23:52:06","date_gmt":"2018-02-27T02:52:06","guid":{"rendered":"http:\/\/diarioregionaljf.com.br\/2018\/02\/26\/resolucao-do-fnde-permite-retomada-de-obras-inacabadas-de-creches-e-escolas\/"},"modified":"2018-02-26T23:52:06","modified_gmt":"2018-02-27T02:52:06","slug":"resolucao-do-fnde-permite-retomada-de-obras-inacabadas-de-creches-e-escolas","status":"publish","type":"post","link":"https:\/\/diarioregionaldigital.com.br\/?p=92699","title":{"rendered":"Resolu\u00e7\u00e3o do FNDE permite retomada de obras inacabadas de creches e escolas"},"content":{"rendered":"<p>O Fundo Nacional de Desenvolvimento da Educa\u00e7\u00e3o (FNDE) publicou hoje, 26, no Di\u00e1rio Oficial da Uni\u00e3o resolu\u00e7\u00e3o que possibilita que estados e munic\u00edpios firmem novos termos de compromisso para retomar obras de creches, escolas e quadras poliesportivas inacabadas.<\/p>\n<p>Atualmente, cerca de 860 obras deste tipo est\u00e3o paralisadas em todo o pa\u00eds devido ao t\u00e9rmino da vig\u00eancia de termo de compromisso estabelecido entre gestores e o FNDE.<\/p>\n<p>A iniciativa foi tomada pelo FNDE em conjunto com o Minist\u00e9rio da Educa\u00e7\u00e3o, com a participa\u00e7\u00e3o do Tribunal de Contas da Uni\u00e3o. Segundo o FNDE, a medida dever\u00e1 beneficiar cerca de 100 mil estudantes e injetar mais de R$450 milh\u00f5es na economia de estados e munic\u00edpios.<\/p>\n<p>Os gestores que desejam retomar obras inacabadas devem encaminhar ao FNDE um of\u00edcio manifestando o interesse em firmar novo termo de compromisso, al\u00e9m de declara\u00e7\u00e3o de possibilidade de t\u00e9rmino da obra, cronograma de trabalho ou plano de a\u00e7\u00e3o para o cumprimento do novo ajuste e laudo t\u00e9cnico atestando o estado atual da obra. Ap\u00f3s avalia\u00e7\u00e3o dos documentos, ser\u00e3o assinados os novos termos de compromisso para que as obras sejam retomadas.<\/p>\n<p>S\u00f3 poder\u00e3o assinar novos documentos os estados e munic\u00edpios que apresentarem as presta\u00e7\u00f5es de contas dos conv\u00eanios ou termos de compromisso das obras em quest\u00e3o. Os gestores municipais e estaduais t\u00eam prazo at\u00e9 31 de dezembro de 2018 para retomar obras de creches, escolas e quadras poliesportivas.<\/p>\n<p>&nbsp;<\/p>\n<p>Fonte: Ag\u00eancia Brasil<\/p>\n","protected":false},"excerpt":{"rendered":"<p>O Fundo Nacional de Desenvolvimento da Educa\u00e7\u00e3o (FNDE) publicou hoje, 26, no Di\u00e1rio Oficial da Uni\u00e3o resolu\u00e7\u00e3o que possibilita que estados e munic\u00edpios firmem novos termos de compromisso para retomar obras de creches, escolas e quadras poliesportivas inacabadas. Atualmente, cerca de 860 obras deste tipo est\u00e3o paralisadas em todo o pa\u00eds devido ao t\u00e9rmino da [&hellip;]<\/p>\n","protected":false},"author":96,"featured_media":92698,"comment_status":"closed","ping_status":"closed","sticky":false,"template":"","format":"standard","meta":{"footnotes":""},"categories":[302],"tags":[],"class_list":["post-92699","post","type-post","status-publish","format-standard","has-post-thumbnail","hentry","category-brasil-mundo"],"_links":{"self":[{"href":"https:\/\/diarioregionaldigital.com.br\/index.php?rest_route=\/wp\/v2\/posts\/92699","targetHints":{"allow":["GET"]}}],"collection":[{"href":"https:\/\/diarioregionaldigital.com.br\/index.php?rest_route=\/wp\/v2\/posts"}],"about":[{"href":"https:\/\/diarioregionaldigital.com.br\/index.php?rest_route=\/wp\/v2\/types\/post"}],"author":[{"embeddable":true,"href":"https:\/\/diarioregionaldigital.com.br\/index.php?rest_route=\/wp\/v2\/users\/96"}],"replies":[{"embeddable":true,"href":"https:\/\/diarioregionaldigital.com.br\/index.php?rest_route=%2Fwp%2Fv2%2Fcomments&post=92699"}],"version-history":[{"count":0,"href":"https:\/\/diarioregionaldigital.com.br\/index.php?rest_route=\/wp\/v2\/posts\/92699\/revisions"}],"wp:featuredmedia":[{"embeddable":true,"href":"https:\/\/diarioregionaldigital.com.br\/index.php?rest_route=\/wp\/v2\/media\/92698"}],"wp:attachment":[{"href":"https:\/\/diarioregionaldigital.com.br\/index.php?rest_route=%2Fwp%2Fv2%2Fmedia&parent=92699"}],"wp:term":[{"taxonomy":"category","embeddable":true,"href":"https:\/\/diarioregionaldigital.com.br\/index.php?rest_route=%2Fwp%2Fv2%2Fcategories&post=92699"},{"taxonomy":"post_tag","embeddable":true,"href":"https:\/\/diarioregionaldigital.com.br\/index.php?rest_route=%2Fwp%2Fv2%2Ftags&post=92699"}],"curies":[{"name":"wp","href":"https:\/\/api.w.org\/{rel}","templated":true}]}}