{"id":92697,"date":"2018-02-26T22:56:53","date_gmt":"2018-02-27T01:56:53","guid":{"rendered":"http:\/\/diarioregionaljf.com.br\/2018\/02\/26\/walter-pires-comunicador-oficial-da-feira-da-avenida-brasil-se-aposenta-apos-50-anos-de-trabalho\/"},"modified":"2018-02-26T22:56:53","modified_gmt":"2018-02-27T01:56:53","slug":"walter-pires-comunicador-oficial-da-feira-da-avenida-brasil-se-aposenta-apos-50-anos-de-trabalho","status":"publish","type":"post","link":"https:\/\/diarioregionaldigital.com.br\/?p=92697","title":{"rendered":"Walter Pires, comunicador oficial da feira da Avenida Brasil, se aposenta ap\u00f3s 50 anos de trabalho"},"content":{"rendered":"<p>A tradicional feira livre de domingo na Avenida Brasil perdeu um dos comerciantes mais populares. Ap\u00f3s 50 anos trabalhando na feira e quatro d\u00e9cadas dedicadas ao servi\u00e7o de utilidade p\u00fablica, o feirante Walter Pires e sua Kombi azul aposentaram e trabalharam pela \u00faltima vez na edi\u00e7\u00e3o da feira desse domingo, 25. O Di\u00e1rio Regional conversou com o comerciante para narrar a trajet\u00f3ria desse personagem que conquistou os fregueses e feirantes da cidade.<\/p>\n<p>\u201cFoi muito dif\u00edcil [o \u00faltimo dia de trabalho]. Como diz o cantor Roberto Carlos, foram tantas emo\u00e7\u00f5es. Eu j\u00e1 tinha anunciado no domingo anterior que o servi\u00e7o acabaria e anteontem anunciei que seria o \u00faltimo dia\u201d, disse Walter. \u201cMinha filha tamb\u00e9m falou e contou como o trabalho foi importante para nossa fam\u00edlia. Muitos feirantes me disseram que a feira iria ficar triste e silenciosa\u201d, acrescentou.<\/p>\n<p>O trabalho de Pires foi t\u00e3o emblem\u00e1tico que j\u00e1 foi reconhecido pelas autoridades. Em 2008, o ent\u00e3o vereador Isauro Calais lhe concedeu uma mo\u00e7\u00e3o de aplauso \u201cpelos excelentes servi\u00e7os prestados, desde 1995, como comunicador oficial da feira semanal, na Avenida Brasil\u201d, salienta o documento. Seis anos depois, o prefeito Bruno Siqueira conferiu a Walter Pires o M\u00e9rito Comendador Henrique Guilherme Fernando Halfeld.<\/p>\n<h4>&nbsp;<\/h4>\n<h4>50 ANOS DE TRABALHO<\/h4>\n<p>Antes de come\u00e7ar a anunciar na feira, Pires montou a sua barraca, onde vendia doces, queijos, mel de abelha e caramelo, produtos fabricados no munic\u00edpio de Coronel Pacheco. \u201cComecei na feira dessa forma, mas com o tempo trabalhando, resolvi colocar umas caixinhas de som simples debaixo da barraca para chamar a aten\u00e7\u00e3o dos fregueses, para que eles olhassem a minha mercadoria, pois como dizem, \u2018o que olhos n\u00e3o veem, o cora\u00e7\u00e3o n\u00e3o sente\u2019\u201d, contou o feirante.<\/p>\n<p>Tempo depois, Pires come\u00e7ou a anunciar atrav\u00e9s de um microfone que adquiriu no local. \u201c\u00c0s vezes, apareciam algumas senhoras chorando pedindo que anunciasse que o filho estava perdido. Por\u00e9m, eu n\u00e3o tinha como auxili\u00e1-las, porque o som n\u00e3o era suficiente para que todos na feira ouvissem o comunicado\u201d, relembrou.<\/p>\n<p>Ap\u00f3s dez anos trabalhando no local, ele teve a ideia de iniciar o servi\u00e7o de utilidade p\u00fablica por conta dos casos de crian\u00e7as que se perdiam. E nesse mesmo per\u00edodo, adquiriu sua companheira de trabalho, uma Kombi. \u201cEm junho, vai fazer 40 anos que eu tenho a Kombi. Eu a adquiri ap\u00f3s trocar um Fusca 67 que eu tinha por ela. De l\u00e1 para c\u00e1 eu venho conservando, pois ela \u00e9 minha companheira de trabalhos esses anos todos e me ajudou a criar a minha fam\u00edlia\u201d, disse. Nas cinco d\u00e9cadas trabalhando na feira, Pires conseguiu comprar uma casa para que ele e a esposa deixassem de morar de aluguel, al\u00e9m de uma casa pr\u00f3pria para cada um dos seus cinco filhos.<\/p>\n<p>Pires coleciona v\u00e1rias hist\u00f3rias devido ao seu trabalho na feira. \u201cUm senhor meio alegre apareceu, deve ter tomado uma pinga, e me pediu que arrumasse uma companheira para ele. Eu disse \u2018meu amigo, eu vou tentar, mas fique em p\u00e9 ao lado da Kombi para que, ap\u00f3s o an\u00fancio, as mulheres passem e te vejam&#8217;. Eu tentei, mas n\u00e3o consegui uma companheira para ele\u201d, relembrou aos risos.<\/p>\n<p>Outro fato curioso \u00e9 que ao longo dos anos o feirante conseguiu um substituto para quando ia passear pela feira. \u201cUm dos meus filhos tem uma voz muito parecida com a minha e as pessoas n\u00e3o notam a diferen\u00e7a. Ele j\u00e1 me substituiu algumas vezes e eu ia passear pela feira. Algumas vezes, os feirantes me paravam e diziam \u2018seu Walter, como est\u00e1 falando l\u00e1 e est\u00e1 aqui ao mesmo tempo?&#8217; \u201d, contou Pires.<\/p>\n<p>Entre os motivos que o levaram a parar de trabalhar, foi a falta de seguran\u00e7a na feira. Agora, seu Walter pensa nos pr\u00f3ximos passos. \u201cEu vou cuidar da minha sa\u00fade, passear e descansar. Deus \u00e9 testemunha que fiz a minha parte nesses anos todos de trabalho\u201d, ressaltou o feirante. \u201cA Kombi vai cansar mais ainda, porque vai viajar por a\u00ed\u201d, completou.<\/p>\n<p>Apesar de ter um substituto em casa, nenhum dos filhos de seu Walter pretende dar continuidade ao trabalho dele. Ele pretende vender os equipamentos, mas se n\u00e3o conseguir vai do\u00e1-los.<\/p>\n<p>\u201cNossos filhos e eu estamos muito orgulhosos [com o reconhecimento de Pires e as mensagens recebidas atrav\u00e9s das redes sociais]\u201d, afirmou a esposa Marileia. Em mar\u00e7o, os dois completam 54 anos de casados, sendo que por 30 ela trabalhou ao lado dele. \u201c\u00c9 uma vida juntos e apesar de ficar sozinha nos finais de semana, depois que parei de trabalhar com ele, foi assim que criamos a nossa fam\u00edlia. Estou muito orgulhosa\u201d, finalizou.<\/p>\n","protected":false},"excerpt":{"rendered":"<p>A tradicional feira livre de domingo na Avenida Brasil perdeu um dos comerciantes mais populares. Ap\u00f3s 50 anos trabalhando na feira e quatro d\u00e9cadas dedicadas ao servi\u00e7o de utilidade p\u00fablica, o feirante Walter Pires e sua Kombi azul aposentaram e trabalharam pela \u00faltima vez na edi\u00e7\u00e3o da feira desse domingo, 25. O Di\u00e1rio Regional conversou [&hellip;]<\/p>\n","protected":false},"author":96,"featured_media":92696,"comment_status":"closed","ping_status":"closed","sticky":false,"template":"","format":"standard","meta":{"footnotes":""},"categories":[253],"tags":[],"class_list":["post-92697","post","type-post","status-publish","format-standard","has-post-thumbnail","hentry","category-cidade"],"_links":{"self":[{"href":"https:\/\/diarioregionaldigital.com.br\/index.php?rest_route=\/wp\/v2\/posts\/92697","targetHints":{"allow":["GET"]}}],"collection":[{"href":"https:\/\/diarioregionaldigital.com.br\/index.php?rest_route=\/wp\/v2\/posts"}],"about":[{"href":"https:\/\/diarioregionaldigital.com.br\/index.php?rest_route=\/wp\/v2\/types\/post"}],"author":[{"embeddable":true,"href":"https:\/\/diarioregionaldigital.com.br\/index.php?rest_route=\/wp\/v2\/users\/96"}],"replies":[{"embeddable":true,"href":"https:\/\/diarioregionaldigital.com.br\/index.php?rest_route=%2Fwp%2Fv2%2Fcomments&post=92697"}],"version-history":[{"count":0,"href":"https:\/\/diarioregionaldigital.com.br\/index.php?rest_route=\/wp\/v2\/posts\/92697\/revisions"}],"wp:featuredmedia":[{"embeddable":true,"href":"https:\/\/diarioregionaldigital.com.br\/index.php?rest_route=\/wp\/v2\/media\/92696"}],"wp:attachment":[{"href":"https:\/\/diarioregionaldigital.com.br\/index.php?rest_route=%2Fwp%2Fv2%2Fmedia&parent=92697"}],"wp:term":[{"taxonomy":"category","embeddable":true,"href":"https:\/\/diarioregionaldigital.com.br\/index.php?rest_route=%2Fwp%2Fv2%2Fcategories&post=92697"},{"taxonomy":"post_tag","embeddable":true,"href":"https:\/\/diarioregionaldigital.com.br\/index.php?rest_route=%2Fwp%2Fv2%2Ftags&post=92697"}],"curies":[{"name":"wp","href":"https:\/\/api.w.org\/{rel}","templated":true}]}}