{"id":92695,"date":"2018-02-26T22:16:58","date_gmt":"2018-02-27T01:16:58","guid":{"rendered":"http:\/\/diarioregionaljf.com.br\/2018\/02\/26\/componentes-da-maconha-sao-alternativa-ao-tratamento-de-algumas-doencas\/"},"modified":"2018-02-26T22:16:58","modified_gmt":"2018-02-27T01:16:58","slug":"componentes-da-maconha-sao-alternativa-ao-tratamento-de-algumas-doencas","status":"publish","type":"post","link":"https:\/\/diarioregionaldigital.com.br\/?p=92695","title":{"rendered":"Componentes da maconha s\u00e3o alternativa ao tratamento de algumas doen\u00e7as"},"content":{"rendered":"<p>O uso medicinal da maconha foi tema da palestra \u201cUso Terap\u00eautico dos Canabinoides\u201d. O evento aconteceu na noite de sexta-feira, 23, na Universidade Federal de Juiz de Fora (UFJF) e evidenciou a possibilidade de utilizar componentes da cannabis no tratamento de doen\u00e7as.<\/p>\n<p>Segundo o professor da Faculdade de Medicina da UFJF e um dos organizadores do evento, M\u00e1rcio Alves, o debate se tornou ainda mais necess\u00e1rio ap\u00f3s experi\u00eancia com pacientes autistas, em que a medica\u00e7\u00e3o tradicional foi substitu\u00edda pelo \u00f3leo de cannabis, que se mostrou eficaz.<\/p>\n<p>\u201cTivemos contato com o Grupo de Apoio a Pais e Profissionais de Pessoas com Autismo (Gappa). Algumas m\u00e3es se recusavam a dar o rem\u00e9dio tradicional para os filhos, por ser muito forte. Mediante a isso, o uso da cannabis se tornou uma forte vertente para o tratamento, perante a sua efic\u00e1cia. O Gappa solicitou apoio para realizar o evento, o que ir\u00e1 culminar no atendimento pleno dessa demanda no munic\u00edpio\u201d, explicou Alves.<\/p>\n<p>Apesar da efic\u00e1cia comprovada, Alves ressalta a import\u00e2ncia de continuar pesquisando. \u201cO pouco de evid\u00eancia que temos mostra que a cannabis \u00e9 uma substancia efetiva em algumas doen\u00e7as, e de baixa toxicidade. Os efeitos colaterais s\u00e3o facilmente administr\u00e1veis\u201d, comentou.<\/p>\n<p>Segundo ele, as principais dificuldades para utiliza\u00e7\u00e3o desses medicamentos no munic\u00edpio est\u00e3o relacionadas ao interesses econ\u00f4micos e ao preconceito que ainda persiste na sociedade. \u201cJ\u00e1 existe um fator social em que m\u00e9dicos est\u00e3o prescrevendo a cannabis para uso medicinal, por\u00e9m poucos conseguem superar as dificuldades para encontrar o medicamento com qualidade. E uma discuss\u00e3o ultrapassada, mas que ainda faz parte do nosso cen\u00e1rio\u201d, disse. \u201cOutra preocupa\u00e7\u00e3o \u00e9 que sabemos que a maconha n\u00e3o deve ser liberada para todo mundo plantar em casa, por ser uma planta valiosa. O seu uso deve ser controlado para que se possa atingir os m\u00e1ximos benef\u00edcios. Al\u00e9m do mais, o tr\u00e1fico de drogas e a criminalidade trazem um pensamento preconceituoso, mas a subst\u00e2ncia n\u00e3o est\u00e1 diretamente relacionada a esses problemas. \u00c9 uma cultura que ainda temos, mas que precisa se desconstruir, e a partir disso, pensarmos que a maconha pode ser utilizada para a medicina\u201d, acrescenta.<\/p>\n<p>&nbsp;<\/p>\n","protected":false},"excerpt":{"rendered":"<p>O uso medicinal da maconha foi tema da palestra \u201cUso Terap\u00eautico dos Canabinoides\u201d. O evento aconteceu na noite de sexta-feira, 23, na Universidade Federal de Juiz de Fora (UFJF) e evidenciou a possibilidade de utilizar componentes da cannabis no tratamento de doen\u00e7as. Segundo o professor da Faculdade de Medicina da UFJF e um dos organizadores [&hellip;]<\/p>\n","protected":false},"author":96,"featured_media":0,"comment_status":"closed","ping_status":"closed","sticky":false,"template":"","format":"standard","meta":{"footnotes":""},"categories":[253],"tags":[],"class_list":["post-92695","post","type-post","status-publish","format-standard","hentry","category-cidade"],"_links":{"self":[{"href":"https:\/\/diarioregionaldigital.com.br\/index.php?rest_route=\/wp\/v2\/posts\/92695","targetHints":{"allow":["GET"]}}],"collection":[{"href":"https:\/\/diarioregionaldigital.com.br\/index.php?rest_route=\/wp\/v2\/posts"}],"about":[{"href":"https:\/\/diarioregionaldigital.com.br\/index.php?rest_route=\/wp\/v2\/types\/post"}],"author":[{"embeddable":true,"href":"https:\/\/diarioregionaldigital.com.br\/index.php?rest_route=\/wp\/v2\/users\/96"}],"replies":[{"embeddable":true,"href":"https:\/\/diarioregionaldigital.com.br\/index.php?rest_route=%2Fwp%2Fv2%2Fcomments&post=92695"}],"version-history":[{"count":0,"href":"https:\/\/diarioregionaldigital.com.br\/index.php?rest_route=\/wp\/v2\/posts\/92695\/revisions"}],"wp:attachment":[{"href":"https:\/\/diarioregionaldigital.com.br\/index.php?rest_route=%2Fwp%2Fv2%2Fmedia&parent=92695"}],"wp:term":[{"taxonomy":"category","embeddable":true,"href":"https:\/\/diarioregionaldigital.com.br\/index.php?rest_route=%2Fwp%2Fv2%2Fcategories&post=92695"},{"taxonomy":"post_tag","embeddable":true,"href":"https:\/\/diarioregionaldigital.com.br\/index.php?rest_route=%2Fwp%2Fv2%2Ftags&post=92695"}],"curies":[{"name":"wp","href":"https:\/\/api.w.org\/{rel}","templated":true}]}}