{"id":92692,"date":"2018-02-26T22:05:38","date_gmt":"2018-02-27T01:05:38","guid":{"rendered":"http:\/\/diarioregionaljf.com.br\/2018\/02\/26\/receita-federal-libera-programa-do-imposto-de-renda-pessoa-fisica-de-2018\/"},"modified":"2018-02-26T22:05:38","modified_gmt":"2018-02-27T01:05:38","slug":"receita-federal-libera-programa-do-imposto-de-renda-pessoa-fisica-de-2018","status":"publish","type":"post","link":"https:\/\/diarioregionaldigital.com.br\/?p=92692","title":{"rendered":"Receita Federal libera programa do Imposto de Renda Pessoa F\u00edsica de 2018"},"content":{"rendered":"<p>O programa de preenchimento da declara\u00e7\u00e3o do Imposto de Renda da Pessoa F\u00edsica de 2018, ano base 2017, estar\u00e1 dispon\u00edvel nesta segunda-feira, 26, a partir das 8h, no site da Receita Federal. O prazo para a entrega da declara\u00e7\u00e3o come\u00e7a no pr\u00f3ximo dia 1\u00ba e vai at\u00e9 30 de abril.<\/p>\n<p>Est\u00e1 obrigado a declarar quem recebeu rendimentos tribut\u00e1veis, em 2017, em valores superiores a R$ 28.559,70. No caso da atividade rural, deve declarar quem teve receita bruta acima R$142.798,50. A Receita Federal espera receber, este ano, 28,8 milh\u00f5es declara\u00e7\u00f5es de Imposto de Renda da Pessoa F\u00edsica (IRPF), 300 mil a mais do que em 2017 (28,5 milh\u00f5es).<\/p>\n<p>A declara\u00e7\u00e3o poder\u00e1 ser preenchida por meio do programa baixado no computador ou do aplicativo Meu Imposto de Renda para tablets e celulares. Por meio do aplicativo, \u00e9 poss\u00edvel ainda fazer retifica\u00e7\u00f5es depois do envio da declara\u00e7\u00e3o.<\/p>\n<p>Outra op\u00e7\u00e3o \u00e9 mediante acesso ao servi\u00e7o Meu Imposto de Renda, dispon\u00edvel no Centro Virtual de Atendimento (e-CAC), no site da Receita, com uso de certificado digital.<\/p>\n<p>Tamb\u00e9m est\u00e3o obrigadas a declarar as pessoas f\u00edsicas: residentes no Brasil que receberam rendimentos isentos, n\u00e3o tribut\u00e1veis ou tributados exclusivamente na fonte, cuja soma foi superior a R$40 mil; que obtiveram, em qualquer m\u00eas, ganho de capital na aliena\u00e7\u00e3o de bens e direitos, sujeito \u00e0 incid\u00eancia do imposto ou que realizaram opera\u00e7\u00f5es em bolsas de valores; que pretendem compensar preju\u00edzos com a atividade rural; que tiveram, em 31 de dezembro de 2017, a posse ou a propriedade de bens e direitos, inclusive terra nua, de valor total superior a R$300 mil; que passaram \u00e0 condi\u00e7\u00e3o de residentes no Brasil em qualquer m\u00eas e assim se encontravam em 31 de dezembro; ou que optaram pela isen\u00e7\u00e3o do IR incidente sobre o ganho de capital com a venda de im\u00f3veis residenciais para a compra de outro im\u00f3vel no pa\u00eds , no prazo de 180 dias contados do contrato de venda.<\/p>\n<h4>Multa por atraso<\/h4>\n<p>A multa para quem apresentar a declara\u00e7\u00e3o depois do prazo \u00e9 de 1% por m\u00eas de atraso sobre o imposto devido, com valor m\u00ednimo de R$165,74 e m\u00e1ximo de 20%.<\/p>\n<h4>Dedu\u00e7\u00f5es<\/h4>\n<p>As dedu\u00e7\u00f5es por dependente est\u00e3o limitadas a R$2.275,08. As despesas com educa\u00e7\u00e3o t\u00eam limite individual anual de R$3.561,50. A dedu\u00e7\u00e3o de gastos com empregadas dom\u00e9sticas \u00e9 de R$1.171,84.<\/p>\n<h4>Novidades deste ano<\/h4>\n<p>O painel inicial do sistema ter\u00e1 informa\u00e7\u00f5es das fichas que poder\u00e3o ser mais relevantes para o contribuinte durante o preenchimento da declara\u00e7\u00e3o.&nbsp;Neste ano, ser\u00e1 obrigat\u00f3ria a apresenta\u00e7\u00e3o do CPF para dependentes a partir de 8 anos, completados at\u00e9 o dia 31 de dezembro de 2017.<\/p>\n<p>Na declara\u00e7\u00e3o de bens, ser\u00e3o inclu\u00eddos campos para informa\u00e7\u00f5es complementares, como n\u00fameros e registros, localiza\u00e7\u00e3o e n\u00famero do Registro Nacional de Ve\u00edculo (Renavam).&nbsp;Tamb\u00e9m ser\u00e1 inclu\u00edda a informa\u00e7\u00e3o sobre a al\u00edquota efetiva utilizada no c\u00e1lculo da apura\u00e7\u00e3o do imposto.<\/p>\n<p>Outra mudan\u00e7a \u00e9 a possibilidade de impress\u00e3o do Documento de Arrecada\u00e7\u00e3o de Receitas Federais (Darf) para pagamento de todas as cotas do imposto, inclusive as que est\u00e3o em atraso.<\/p>\n<hr \/>\n<p>&nbsp;Fonte: Ag\u00eancia Brasil<\/p>\n","protected":false},"excerpt":{"rendered":"<p>O programa de preenchimento da declara\u00e7\u00e3o do Imposto de Renda da Pessoa F\u00edsica de 2018, ano base 2017, estar\u00e1 dispon\u00edvel nesta segunda-feira, 26, a partir das 8h, no site da Receita Federal. O prazo para a entrega da declara\u00e7\u00e3o come\u00e7a no pr\u00f3ximo dia 1\u00ba e vai at\u00e9 30 de abril. Est\u00e1 obrigado a declarar quem [&hellip;]<\/p>\n","protected":false},"author":96,"featured_media":92691,"comment_status":"closed","ping_status":"closed","sticky":false,"template":"","format":"standard","meta":{"footnotes":""},"categories":[261],"tags":[],"class_list":["post-92692","post","type-post","status-publish","format-standard","has-post-thumbnail","hentry","category-economia"],"_links":{"self":[{"href":"https:\/\/diarioregionaldigital.com.br\/index.php?rest_route=\/wp\/v2\/posts\/92692","targetHints":{"allow":["GET"]}}],"collection":[{"href":"https:\/\/diarioregionaldigital.com.br\/index.php?rest_route=\/wp\/v2\/posts"}],"about":[{"href":"https:\/\/diarioregionaldigital.com.br\/index.php?rest_route=\/wp\/v2\/types\/post"}],"author":[{"embeddable":true,"href":"https:\/\/diarioregionaldigital.com.br\/index.php?rest_route=\/wp\/v2\/users\/96"}],"replies":[{"embeddable":true,"href":"https:\/\/diarioregionaldigital.com.br\/index.php?rest_route=%2Fwp%2Fv2%2Fcomments&post=92692"}],"version-history":[{"count":0,"href":"https:\/\/diarioregionaldigital.com.br\/index.php?rest_route=\/wp\/v2\/posts\/92692\/revisions"}],"wp:featuredmedia":[{"embeddable":true,"href":"https:\/\/diarioregionaldigital.com.br\/index.php?rest_route=\/wp\/v2\/media\/92691"}],"wp:attachment":[{"href":"https:\/\/diarioregionaldigital.com.br\/index.php?rest_route=%2Fwp%2Fv2%2Fmedia&parent=92692"}],"wp:term":[{"taxonomy":"category","embeddable":true,"href":"https:\/\/diarioregionaldigital.com.br\/index.php?rest_route=%2Fwp%2Fv2%2Fcategories&post=92692"},{"taxonomy":"post_tag","embeddable":true,"href":"https:\/\/diarioregionaldigital.com.br\/index.php?rest_route=%2Fwp%2Fv2%2Ftags&post=92692"}],"curies":[{"name":"wp","href":"https:\/\/api.w.org\/{rel}","templated":true}]}}